{"id":311414,"date":"2024-11-13T16:17:29","date_gmt":"2024-11-13T13:17:29","guid":{"rendered":"https:\/\/sana.sy\/tr\/?p=311414"},"modified":"2024-11-14T15:36:08","modified_gmt":"2024-11-14T12:36:08","slug":"cumhurbaskani-esadin-himayesinde-harp-okulu-ogrencilerinden-olusan-yeni-bir-grup-mezun-edildi","status":"publish","type":"post","link":"https:\/\/archive.sana.sy\/tr\/?p=311414","title":{"rendered":"Cumhurba\u015fkan\u0131 Esad&#8217;\u0131n Himayesinde&#8230; Harp Okulu \u00d6\u011frencilerinden Olu\u015fan Yeni Bir Grup Mezun Edildi"},"content":{"rendered":"<p style=\"text-align: justify;\"><span style=\"color: #800000;\"><strong>HOMS (SANA)<\/strong><\/span> &#8211; Kara Kuvvetleri ve Silahl\u0131 Kuvvetler Ba\u015fkomutan\u0131 Korgeneral, Say\u0131n Cumhurba\u015fkan\u0131 Be\u015f\u015far Esad&#8217;\u0131n himayesinde, bug\u00fcn Harp Okulu&#8217;ndan yeni bir \u00f6\u011frenci grubunun mezuniyetini kutlad\u0131.<\/p>\n<p style=\"text-align: justify;\">Kutlaman\u0131n sponsorlu\u011funu Cumhurba\u015fkan\u0131 ad\u0131na Kara Kuvvetleri ve Silahl\u0131 Kuvvetler Ba\u015fkomutan Yard\u0131mc\u0131s\u0131 ve Savunma Bakan\u0131 T\u00fcmgenaral Ali Abbas \u00fcstlendi.<\/p>\n<p style=\"text-align: justify;\"><img loading=\"lazy\" decoding=\"async\" class=\"size-full wp-image-311416 alignright\" src=\"http:\/\/sana.sy\/tr\/wp-content\/uploads\/2024\/11\/6-7-300x200-1.jpg\" alt=\"\" width=\"300\" height=\"200\" \/>T\u00fcmgeneral Abbas, \u015feref k\u0131tas\u0131n\u0131 selamlayarak,\u00a0 kutlamay\u0131, \u015feref \u015fehitlerimizin ruhlar\u0131 an\u0131s\u0131na bir dakikal\u0131k sayg\u0131 duru\u015fuyla ba\u015flatd\u0131.<\/p>\n<p style=\"text-align: justify;\">Kutlaman\u0131n sponsorunun temsilcisi T\u00fcmgeneral Abbas, mezunlara Cumhurba\u015fkan\u0131 Esad&#8217;\u0131n tebriklerini ve g\u00f6revlerini yerine getirirken ba\u015far\u0131lar\u0131n\u0131n devam\u0131 i\u00e7in y\u00fcrekten dileklerini iletti\u011fi bir konu\u015fma yapt\u0131.<\/p>\n<p style=\"text-align: justify;\">Savunma Bakan\u0131 , yi\u011fit ordumuzun adamlar\u0131n\u0131n her g\u00fcn gurur ve zafer destanlar\u0131 yazd\u0131klar\u0131n\u0131, vatan\u0131 cesaret, yi\u011fitlik ve mertlikle savunduklar\u0131n\u0131, bayra\u011f\u0131n\u0131 dalgaland\u0131rmaya ve g\u00fcvenli\u011fini korumaya hizmet ettiklerini vurgulad\u0131.<\/p>\n<p style=\"text-align: justify;\">Harp Okulu M\u00fcd\u00fcr\u00fc de yapt\u0131\u011f\u0131 konu\u015fmada, \u00f6\u011frencilerin askeri ve liderlik ki\u015filiklerini geli\u015ftirmenin yan\u0131 s\u0131ra, nitelikli e\u011fitim ve \u00f6\u011frencilerin beceri ve yeteneklerini geli\u015ftirmenin de kolejin ana g\u00f6revleri aras\u0131nda yer ald\u0131\u011f\u0131n\u0131 vurgulayark, mezun olan \u00f6\u011frencilerin onur, kahramanl\u0131k ve vatan savunma alanlar\u0131nda bilimi ve teorik bilgiyi pratik ger\u00e7ekli\u011fe d\u00f6n\u00fc\u015ft\u00fcrmeleri gerekti\u011fine dikkat \u00e7ekti.<\/p>\n<p style=\"text-align: justify;\">Bayra\u011f\u0131n teslim ve tesell\u00fcm t\u00f6reni ger\u00e7ekle\u015ftirildikten sonra, mezunlar askerlik yemini etti ve ilk mezunlara sembolik hediyeler da\u011f\u0131t\u0131ld.<\/p>\n<p style=\"text-align: justify;\">Kutlama, Suriye Arap mar\u015f\u0131n\u0131n \u00e7al\u0131nmas\u0131yla sona erdi.<\/p>\n<div id='gallery-1' class='gallery galleryid-311414 gallery-columns-3 gallery-size-medium'><figure class='gallery-item'>\n\t\t\t<div class='gallery-icon landscape'>\n\t\t\t\t<a href='https:\/\/archive.sana.sy\/tr\/?attachment_id=311417'><img loading=\"lazy\" decoding=\"async\" width=\"300\" height=\"200\" src=\"https:\/\/archive.sana.sy\/tr\/wp-content\/uploads\/2024\/11\/2-5-300x200.jpg\" class=\"attachment-medium size-medium\" alt=\"\" srcset=\"https:\/\/archive.sana.sy\/tr\/wp-content\/uploads\/2024\/11\/2-5-300x200.jpg 300w, https:\/\/archive.sana.sy\/tr\/wp-content\/uploads\/2024\/11\/2-5.jpg 660w\" sizes=\"auto, (max-width: 300px) 100vw, 300px\" \/><\/a>\n\t\t\t<\/div><\/figure><figure class='gallery-item'>\n\t\t\t<div class='gallery-icon landscape'>\n\t\t\t\t<a href='https:\/\/archive.sana.sy\/tr\/?attachment_id=311418'><img loading=\"lazy\" decoding=\"async\" width=\"300\" height=\"200\" src=\"https:\/\/archive.sana.sy\/tr\/wp-content\/uploads\/2024\/11\/1-6-300x200.jpg\" class=\"attachment-medium size-medium\" alt=\"\" srcset=\"https:\/\/archive.sana.sy\/tr\/wp-content\/uploads\/2024\/11\/1-6-300x200.jpg 300w, https:\/\/archive.sana.sy\/tr\/wp-content\/uploads\/2024\/11\/1-6.jpg 660w\" sizes=\"auto, (max-width: 300px) 100vw, 300px\" \/><\/a>\n\t\t\t<\/div><\/figure><figure class='gallery-item'>\n\t\t\t<div class='gallery-icon landscape'>\n\t\t\t\t<a href='https:\/\/archive.sana.sy\/tr\/?attachment_id=311419'><img loading=\"lazy\" decoding=\"async\" width=\"300\" height=\"200\" src=\"https:\/\/archive.sana.sy\/tr\/wp-content\/uploads\/2024\/11\/5-300x200.jpg\" class=\"attachment-medium size-medium\" alt=\"\" srcset=\"https:\/\/archive.sana.sy\/tr\/wp-content\/uploads\/2024\/11\/5-300x200.jpg 300w, https:\/\/archive.sana.sy\/tr\/wp-content\/uploads\/2024\/11\/5.jpg 660w\" sizes=\"auto, (max-width: 300px) 100vw, 300px\" \/><\/a>\n\t\t\t<\/div><\/figure><figure class='gallery-item'>\n\t\t\t<div class='gallery-icon landscape'>\n\t\t\t\t<a href='https:\/\/archive.sana.sy\/tr\/?attachment_id=311420'><img loading=\"lazy\" decoding=\"async\" width=\"300\" height=\"200\" src=\"https:\/\/archive.sana.sy\/tr\/wp-content\/uploads\/2024\/11\/4-1-300x200.jpg\" class=\"attachment-medium size-medium\" alt=\"\" srcset=\"https:\/\/archive.sana.sy\/tr\/wp-content\/uploads\/2024\/11\/4-1-300x200.jpg 300w, https:\/\/archive.sana.sy\/tr\/wp-content\/uploads\/2024\/11\/4-1.jpg 660w\" sizes=\"auto, (max-width: 300px) 100vw, 300px\" \/><\/a>\n\t\t\t<\/div><\/figure><figure class='gallery-item'>\n\t\t\t<div class='gallery-icon landscape'>\n\t\t\t\t<a href='https:\/\/archive.sana.sy\/tr\/?attachment_id=311421'><img loading=\"lazy\" decoding=\"async\" width=\"300\" height=\"200\" src=\"https:\/\/archive.sana.sy\/tr\/wp-content\/uploads\/2024\/11\/3-4-300x200.jpg\" class=\"attachment-medium size-medium\" alt=\"\" srcset=\"https:\/\/archive.sana.sy\/tr\/wp-content\/uploads\/2024\/11\/3-4-300x200.jpg 300w, https:\/\/archive.sana.sy\/tr\/wp-content\/uploads\/2024\/11\/3-4.jpg 660w\" sizes=\"auto, (max-width: 300px) 100vw, 300px\" \/><\/a>\n\t\t\t<\/div><\/figure><figure class='gallery-item'>\n\t\t\t<div class='gallery-icon landscape'>\n\t\t\t\t<a href='https:\/\/archive.sana.sy\/tr\/?attachment_id=311422'><img loading=\"lazy\" decoding=\"async\" width=\"300\" height=\"204\" src=\"https:\/\/archive.sana.sy\/tr\/wp-content\/uploads\/2024\/11\/6-300x204.jpg\" class=\"attachment-medium size-medium\" alt=\"\" srcset=\"https:\/\/archive.sana.sy\/tr\/wp-content\/uploads\/2024\/11\/6-300x204.jpg 300w, https:\/\/archive.sana.sy\/tr\/wp-content\/uploads\/2024\/11\/6-110x75.jpg 110w, https:\/\/archive.sana.sy\/tr\/wp-content\/uploads\/2024\/11\/6.jpg 660w\" sizes=\"auto, (max-width: 300px) 100vw, 300px\" \/><\/a>\n\t\t\t<\/div><\/figure>\n\t\t<\/div>\n\n<p style=\"text-align: center;\"><strong><a href=\"https:\/\/t.me\/SuriyeArapHaberAjansI\">Telegram Kanal\u0131m\u0131z\u00a0<\/a>||<a href=\"https:\/\/twitter.com\/arap_ajans\">X Platformumuz\u00a0<\/a>||<a href=\"https:\/\/www.facebook.com\/SANAHaberAjansi\/\">Facebook Sayfam\u0131z<\/a><\/strong><\/p>\n","protected":false},"excerpt":{"rendered":"<p>HOMS (SANA) &#8211; Kara Kuvvetleri ve Silahl\u0131 Kuvvetler Ba\u015fkomutan\u0131 Korgeneral, Say\u0131n Cumhurba\u015fkan\u0131 Be\u015f\u015far Esad&#8217;\u0131n himayesinde, bug\u00fcn Harp Okulu&#8217;ndan yeni bir \u00f6\u011frenci grubunun mezuniyetini kutlad\u0131. Kutlaman\u0131n sponsorlu\u011funu Cumhurba\u015fkan\u0131 ad\u0131na Kara Kuvvetleri ve Silahl\u0131 Kuvvetler Ba\u015fkomutan Yard\u0131mc\u0131s\u0131 ve Savunma Bakan\u0131 T\u00fcmgenaral Ali Abbas \u00fcstlendi. T\u00fcmgeneral Abbas, \u015feref k\u0131tas\u0131n\u0131 selamlayarak,\u00a0 kutlamay\u0131, \u015feref \u015fehitlerimizin ruhlar\u0131 an\u0131s\u0131na bir dakikal\u0131k sayg\u0131 &hellip;<\/p>\n","protected":false},"author":41,"featured_media":311415,"comment_status":"closed","ping_status":"closed","sticky":false,"template":"","format":"standard","meta":{"footnotes":""},"categories":[589,479,17988,478],"tags":[],"class_list":["post-311414","post","type-post","status-publish","format-standard","has-post-thumbnail","","category-haber-seridi","category-haberler-yerel","category-son-haberler","category-yerel"],"_links":{"self":[{"href":"https:\/\/archive.sana.sy\/tr\/index.php?rest_route=\/wp\/v2\/posts\/311414","targetHints":{"allow":["GET"]}}],"collection":[{"href":"https:\/\/archive.sana.sy\/tr\/index.php?rest_route=\/wp\/v2\/posts"}],"about":[{"href":"https:\/\/archive.sana.sy\/tr\/index.php?rest_route=\/wp\/v2\/types\/post"}],"author":[{"embeddable":true,"href":"https:\/\/archive.sana.sy\/tr\/index.php?rest_route=\/wp\/v2\/users\/41"}],"replies":[{"embeddable":true,"href":"https:\/\/archive.sana.sy\/tr\/index.php?rest_route=%2Fwp%2Fv2%2Fcomments&post=311414"}],"version-history":[{"count":3,"href":"https:\/\/archive.sana.sy\/tr\/index.php?rest_route=\/wp\/v2\/posts\/311414\/revisions"}],"predecessor-version":[{"id":311452,"href":"https:\/\/archive.sana.sy\/tr\/index.php?rest_route=\/wp\/v2\/posts\/311414\/revisions\/311452"}],"wp:featuredmedia":[{"embeddable":true,"href":"https:\/\/archive.sana.sy\/tr\/index.php?rest_route=\/wp\/v2\/media\/311415"}],"wp:attachment":[{"href":"https:\/\/archive.sana.sy\/tr\/index.php?rest_route=%2Fwp%2Fv2%2Fmedia&parent=311414"}],"wp:term":[{"taxonomy":"category","embeddable":true,"href":"https:\/\/archive.sana.sy\/tr\/index.php?rest_route=%2Fwp%2Fv2%2Fcategories&post=311414"},{"taxonomy":"post_tag","embeddable":true,"href":"https:\/\/archive.sana.sy\/tr\/index.php?rest_route=%2Fwp%2Fv2%2Ftags&post=311414"}],"curies":[{"name":"wp","href":"https:\/\/api.w.org\/{rel}","templated":true}]}}