{"id":31144,"date":"2015-04-27T20:30:36","date_gmt":"2015-04-27T17:30:36","guid":{"rendered":"http:\/\/www.sana.sy\/tr\/?p=31144"},"modified":"2015-04-27T20:30:36","modified_gmt":"2015-04-27T17:30:36","slug":"teror-olgusu-batililarin-yanlis-politikalarinin-bir-sonucudur","status":"publish","type":"post","link":"https:\/\/archive.sana.sy\/tr\/?p=31144","title":{"rendered":"Ter\u00f6r Olgusu, Bat\u0131l\u0131lar\u0131n Yanl\u0131\u015f Politikalar\u0131n\u0131n Bir Sonucudur"},"content":{"rendered":"<p>TAHRAN \u2013 \u0130ran \u015eura Meclisinde Milli G\u00fcvenlik ve D\u0131\u015f Politika Komitesi Ba\u015fkan\u0131 Alauddin Brojerdi b\u00f6lgede ter\u00f6r \u00f6rg\u00fctlerin varl\u0131\u011f\u0131n\u0131n, Bat\u0131l\u0131 devletlerin yanl\u0131\u015f politikalar\u0131n\u0131n bir sonucu oldu\u011funu belirtti.<\/p>\n<p>Singapur d\u0131\u015fi\u015fleri bakan\u0131 yard\u0131mc\u0131s\u0131 Albert Chua ile bug\u00fcn Tahran\u2019da bir araya gelen Brojerdi; \u00e7irkin ter\u00f6r olgusunun b\u00f6lge ve t\u00fcm d\u00fcnya halklar\u0131na ciddi bir tehlike te\u015fkil etti\u011fine dikkat \u00e7ekerken; ter\u00f6re kar\u015f\u0131 m\u00fccadelenin t\u00fcm devletler aras\u0131nda d\u00fcr\u00fcst ve ciddi bir i\u015fbirli\u011fini gerektirdi\u011fini ifade etti.<\/p>\n<p>\u0130ki \u00fclke aras\u0131ndaki i\u015fbirli\u011fi alanlar\u0131n\u0131n geni\u015fli\u011fine dikkat \u00e7eken Brojerdi; parlamentolar aras\u0131ndaki i\u015fbirli\u011fini peki\u015ftirmenin iki \u00fclke halklar\u0131n\u0131n \u00e7\u0131karlar\u0131na hizmet edece\u011fini s\u00f6yledi.<\/p>\n<p>Singapurlu yetkili ise; \u00fclkesinin Yemen\u2019deki krizin siyasi \u00e7\u00f6z\u00fcm\u00fcnden yana tutumunu ifade ederken, \u0130ran ile \u00f6zellikle ekonomik ili\u015fkilerini geli\u015ftirme arzusunda oldu\u011funu belirtti.<\/p>\n<p>A.A. &#8211; M.M.<\/p>\n","protected":false},"excerpt":{"rendered":"<p>TAHRAN \u2013 \u0130ran \u015eura Meclisinde Milli G\u00fcvenlik ve D\u0131\u015f Politika Komitesi Ba\u015fkan\u0131 Alauddin Brojerdi b\u00f6lgede ter\u00f6r \u00f6rg\u00fctlerin varl\u0131\u011f\u0131n\u0131n, Bat\u0131l\u0131 devletlerin yanl\u0131\u015f politikalar\u0131n\u0131n bir sonucu oldu\u011funu belirtti. Singapur d\u0131\u015fi\u015fleri bakan\u0131 yard\u0131mc\u0131s\u0131 Albert Chua ile bug\u00fcn Tahran\u2019da bir araya gelen Brojerdi; \u00e7irkin ter\u00f6r olgusunun b\u00f6lge ve t\u00fcm d\u00fcnya halklar\u0131na ciddi bir tehlike te\u015fkil etti\u011fine dikkat \u00e7ekerken; ter\u00f6re &hellip;<\/p>\n","protected":false},"author":1,"featured_media":31145,"comment_status":"closed","ping_status":"closed","sticky":false,"template":"","format":"standard","meta":{"footnotes":""},"categories":[458,459,447],"tags":[14122,14120,14121,14119],"class_list":["post-31144","post","type-post","status-publish","format-standard","has-post-thumbnail","","category-dunya1","category-haberler-arap-uluslararasi-politika","category-politika","tag-batili-devletlerin-yanlis-politikalarinin-bir-sonucu-oldugunu-belirtti","tag-batililarin-yanlis-politikalarinin-bir-sonucudur","tag-tahran-iran-sura-meclisinde-milli-guvenlik-ve-dis-politika-komitesi-baskani-alauddin-brojerdi-bolgede-teror-orgutlerin-varliginin","tag-teror-olgusu"],"_links":{"self":[{"href":"https:\/\/archive.sana.sy\/tr\/index.php?rest_route=\/wp\/v2\/posts\/31144","targetHints":{"allow":["GET"]}}],"collection":[{"href":"https:\/\/archive.sana.sy\/tr\/index.php?rest_route=\/wp\/v2\/posts"}],"about":[{"href":"https:\/\/archive.sana.sy\/tr\/index.php?rest_route=\/wp\/v2\/types\/post"}],"author":[{"embeddable":true,"href":"https:\/\/archive.sana.sy\/tr\/index.php?rest_route=\/wp\/v2\/users\/1"}],"replies":[{"embeddable":true,"href":"https:\/\/archive.sana.sy\/tr\/index.php?rest_route=%2Fwp%2Fv2%2Fcomments&post=31144"}],"version-history":[{"count":0,"href":"https:\/\/archive.sana.sy\/tr\/index.php?rest_route=\/wp\/v2\/posts\/31144\/revisions"}],"wp:featuredmedia":[{"embeddable":true,"href":"https:\/\/archive.sana.sy\/tr\/index.php?rest_route=\/wp\/v2\/media\/31145"}],"wp:attachment":[{"href":"https:\/\/archive.sana.sy\/tr\/index.php?rest_route=%2Fwp%2Fv2%2Fmedia&parent=31144"}],"wp:term":[{"taxonomy":"category","embeddable":true,"href":"https:\/\/archive.sana.sy\/tr\/index.php?rest_route=%2Fwp%2Fv2%2Fcategories&post=31144"},{"taxonomy":"post_tag","embeddable":true,"href":"https:\/\/archive.sana.sy\/tr\/index.php?rest_route=%2Fwp%2Fv2%2Ftags&post=31144"}],"curies":[{"name":"wp","href":"https:\/\/api.w.org\/{rel}","templated":true}]}}