{"id":311448,"date":"2024-11-13T17:21:49","date_gmt":"2024-11-13T14:21:49","guid":{"rendered":"https:\/\/sana.sy\/tr\/?p=311448"},"modified":"2024-11-13T17:21:49","modified_gmt":"2024-11-13T14:21:49","slug":"zaharova-natonun-ukraynaya-yardimin-artirilmasi-cagrisindaki-hedefi-gerilimi-tirmandirmaktir","status":"publish","type":"post","link":"https:\/\/archive.sana.sy\/tr\/?p=311448","title":{"rendered":"Zaharova: NATO&#8217;nun Ukrayna&#8217;ya Yard\u0131m\u0131n Art\u0131r\u0131lmas\u0131 \u00c7a\u011fr\u0131s\u0131ndaki Hedefi Gerilimi T\u0131rmand\u0131rmakt\u0131r"},"content":{"rendered":"<p style=\"text-align: justify;\"><strong>MOSKOVA (SANA) &#8211;<\/strong> Rusya D\u0131\u015fi\u015fleri Bakanl\u0131\u011f\u0131 s\u00f6zc\u00fcs\u00fc Maria Zakharova, NATO&#8217;nun Kiev rejimine yap\u0131lan yard\u0131m\u0131 art\u0131rma \u00e7a\u011fr\u0131s\u0131n\u0131n, gerilimi durdurma de\u011fil, kanl\u0131 sava\u015f\u0131 s\u00fcrd\u00fcrme \u00e7a\u011fr\u0131s\u0131 oldu\u011funu de\u011ferlendirdi.<\/p>\n<p style=\"text-align: justify;\">&#8220;Novosti&#8221; ajans\u0131na g\u00f6re, \u00a0NATO Genel Sekreteri Mark Rutte&#8217;nin Kiev&#8217;e yap\u0131lan yard\u0131m\u0131 art\u0131rma y\u00f6n\u00fcndeki a\u00e7\u0131klamas\u0131n\u0131 yorumlayan Zakharova \u015funlar\u0131 s\u00f6yledi: \u2018\u2019\u00c7at\u0131\u015fman\u0131n gidi\u015fat\u0131n\u0131 de\u011fi\u015ftirmek i\u00e7in \u0130ttifak&#8217;\u0131n Ukrayna ordusunun sava\u015f kabiliyetini sa\u011flamak i\u00e7in her t\u00fcrl\u00fc \u00e7abay\u0131 g\u00f6stermesi gerekiyor. Bu \u00e7a\u011fr\u0131, durumu sakinle\u015ftirmeye, bar\u0131\u015f g\u00f6r\u00fc\u015fmelerine ya da durumu siyasi ve diplomatik bir \u015fekilde \u00e7\u00f6zmeye y\u00f6nelik de\u011fil, kanl\u0131 bir m\u00fccadelenin s\u00fcrd\u00fcr\u00fclmesi \u00e7a\u011fr\u0131s\u0131d\u0131r.\u201d<\/p>\n<p style=\"text-align: center;\"><strong><a href=\"https:\/\/t.me\/SuriyeArapHaberAjansI\">Telegram Kanal\u0131m\u0131z\u00a0<\/a>||<a href=\"https:\/\/twitter.com\/arap_ajans\">X Platformumuz\u00a0<\/a>||<a href=\"https:\/\/www.facebook.com\/SANAHaberAjansi\/\">Facebook Sayfam\u0131z<\/a><\/strong><\/p>\n","protected":false},"excerpt":{"rendered":"<p>MOSKOVA (SANA) &#8211; Rusya D\u0131\u015fi\u015fleri Bakanl\u0131\u011f\u0131 s\u00f6zc\u00fcs\u00fc Maria Zakharova, NATO&#8217;nun Kiev rejimine yap\u0131lan yard\u0131m\u0131 art\u0131rma \u00e7a\u011fr\u0131s\u0131n\u0131n, gerilimi durdurma de\u011fil, kanl\u0131 sava\u015f\u0131 s\u00fcrd\u00fcrme \u00e7a\u011fr\u0131s\u0131 oldu\u011funu de\u011ferlendirdi. &#8220;Novosti&#8221; ajans\u0131na g\u00f6re, \u00a0NATO Genel Sekreteri Mark Rutte&#8217;nin Kiev&#8217;e yap\u0131lan yard\u0131m\u0131 art\u0131rma y\u00f6n\u00fcndeki a\u00e7\u0131klamas\u0131n\u0131 yorumlayan Zakharova \u015funlar\u0131 s\u00f6yledi: \u2018\u2019\u00c7at\u0131\u015fman\u0131n gidi\u015fat\u0131n\u0131 de\u011fi\u015ftirmek i\u00e7in \u0130ttifak&#8217;\u0131n Ukrayna ordusunun sava\u015f kabiliyetini sa\u011flamak i\u00e7in her &hellip;<\/p>\n","protected":false},"author":41,"featured_media":311449,"comment_status":"closed","ping_status":"closed","sticky":false,"template":"","format":"standard","meta":{"footnotes":""},"categories":[458,589,459,17988],"tags":[42879],"class_list":["post-311448","post","type-post","status-publish","format-standard","has-post-thumbnail","","category-dunya1","category-haber-seridi","category-haberler-arap-uluslararasi-politika","category-son-haberler","tag-zaharova-natonun-ukraynaya-yardimin-artirilmasi-cagrisindaki-hedefi-gerilimi-tirmandirmaktir"],"_links":{"self":[{"href":"https:\/\/archive.sana.sy\/tr\/index.php?rest_route=\/wp\/v2\/posts\/311448","targetHints":{"allow":["GET"]}}],"collection":[{"href":"https:\/\/archive.sana.sy\/tr\/index.php?rest_route=\/wp\/v2\/posts"}],"about":[{"href":"https:\/\/archive.sana.sy\/tr\/index.php?rest_route=\/wp\/v2\/types\/post"}],"author":[{"embeddable":true,"href":"https:\/\/archive.sana.sy\/tr\/index.php?rest_route=\/wp\/v2\/users\/41"}],"replies":[{"embeddable":true,"href":"https:\/\/archive.sana.sy\/tr\/index.php?rest_route=%2Fwp%2Fv2%2Fcomments&post=311448"}],"version-history":[{"count":1,"href":"https:\/\/archive.sana.sy\/tr\/index.php?rest_route=\/wp\/v2\/posts\/311448\/revisions"}],"predecessor-version":[{"id":311450,"href":"https:\/\/archive.sana.sy\/tr\/index.php?rest_route=\/wp\/v2\/posts\/311448\/revisions\/311450"}],"wp:featuredmedia":[{"embeddable":true,"href":"https:\/\/archive.sana.sy\/tr\/index.php?rest_route=\/wp\/v2\/media\/311449"}],"wp:attachment":[{"href":"https:\/\/archive.sana.sy\/tr\/index.php?rest_route=%2Fwp%2Fv2%2Fmedia&parent=311448"}],"wp:term":[{"taxonomy":"category","embeddable":true,"href":"https:\/\/archive.sana.sy\/tr\/index.php?rest_route=%2Fwp%2Fv2%2Fcategories&post=311448"},{"taxonomy":"post_tag","embeddable":true,"href":"https:\/\/archive.sana.sy\/tr\/index.php?rest_route=%2Fwp%2Fv2%2Ftags&post=311448"}],"curies":[{"name":"wp","href":"https:\/\/api.w.org\/{rel}","templated":true}]}}