{"id":311454,"date":"2024-11-13T12:00:28","date_gmt":"2024-11-13T09:00:28","guid":{"rendered":"https:\/\/sana.sy\/tr\/?p=311454"},"modified":"2024-11-13T17:43:50","modified_gmt":"2024-11-13T14:43:50","slug":"irakci-amerikan-yonetimi-maksimum-rasyonelligi-secmeli-cunku-bu-herkesin-cikarinadir","status":"publish","type":"post","link":"https:\/\/archive.sana.sy\/tr\/?p=311454","title":{"rendered":"Irak\u00e7i: Amerikan Y\u00f6netimi \u201cMaksimum Rasyonelli\u011fi\u201d Se\u00e7meli \u00c7\u00fcnk\u00fc Bu Herkesin \u00c7\u0131kar\u0131nad\u0131r"},"content":{"rendered":"<p style=\"text-align: justify;\"><strong><span style=\"color: #800000;\">TAHRAN (SANA)<\/span> &#8211;<\/strong> \u0130ran D\u0131\u015fi\u015fleri Bakan\u0131 Abbas Irak\u00e7i, Amerikal\u0131 yetkililerin herkesin \u00e7\u0131kar\u0131na oldu\u011fu i\u00e7in &#8220;maksimum rasyonellik&#8221; fikrini se\u00e7meleri gerekti\u011fini vurgulayarak, \u2018\u2019\u00c7\u00fcnk\u00fc \u0130ran&#8217;a y\u00f6nelik uygulanan \u201cazami bask\u0131\u201d politikas\u0131 ka\u00e7\u0131n\u0131lmaz olarak ba\u015far\u0131s\u0131zl\u0131\u011fa u\u011frayacakt\u0131r\u2019\u2019 dedi.<\/p>\n<p style=\"text-align: justify;\">Irak\u00e7i, sosyal payla\u015f\u0131m sitesi \u201cX\u201dteki bir g\u00f6nderide \u015funlar\u0131 s\u00f6yledi: \u201cABD&#8217;nin ge\u00e7ti\u011fimiz y\u0131llarda izledi\u011fi azami bask\u0131 politikas\u0131, \u0130ran&#8217;\u0131n &#8216;maksimum direni\u015fiyle&#8217; kar\u015f\u0131la\u015ft\u0131 ve bu, sonu\u00e7ta &#8220;maksimum ba\u015far\u0131s\u0131zl\u0131\u011fa&#8221; yol a\u00e7t\u0131 ve bu nedenle bask\u0131n\u0131n ikinci versiyonunu uygulamaya \u00e7al\u0131\u015fmak, Amerika&#8217;n\u0131n maksimum ba\u015far\u0131s\u0131zl\u0131\u011f\u0131n\u0131n yaln\u0131zca ikinci versiyonuna yol a\u00e7acakt\u0131r.&#8221;<\/p>\n<p style=\"text-align: justify;\">Irak\u00e7i ayr\u0131ca, \u0130ran&#8217;\u0131n bar\u0131\u015f\u00e7\u0131l n\u00fckleer program\u0131n\u0131n s\u00f6zde &#8220;azami bask\u0131&#8221; politikas\u0131 \u00f6ncesi ve sonras\u0131ndaki durumunun bunun kan\u0131t\u0131 oldu\u011funa dikkat \u00e7ekerek, \u0130ran ve Amerika aras\u0131ndaki ileti\u015fim kanallar\u0131n\u0131n her zaman var oldu\u011funu ve bazen derin ve temel olan ve \u00e7\u00f6z\u00fclmesi zor olabilecek iki \u00fclke aras\u0131ndaki farkl\u0131l\u0131klar\u0131 y\u00f6netmek i\u00e7in i\u015f yap\u0131ld\u0131\u011f\u0131n\u0131 kaydetti.<\/p>\n<p style=\"text-align: center;\"><strong><a href=\"https:\/\/t.me\/SuriyeArapHaberAjansI\">Telegram Kanal\u0131m\u0131z\u00a0<\/a>||<a href=\"https:\/\/twitter.com\/arap_ajans\">X Platformumuz\u00a0<\/a>||<a href=\"https:\/\/www.facebook.com\/SANAHaberAjansi\/\">Facebook Sayfam\u0131z<\/a><\/strong><\/p>\n","protected":false},"excerpt":{"rendered":"<p>TAHRAN (SANA) &#8211; \u0130ran D\u0131\u015fi\u015fleri Bakan\u0131 Abbas Irak\u00e7i, Amerikal\u0131 yetkililerin herkesin \u00e7\u0131kar\u0131na oldu\u011fu i\u00e7in &#8220;maksimum rasyonellik&#8221; fikrini se\u00e7meleri gerekti\u011fini vurgulayarak, \u2018\u2019\u00c7\u00fcnk\u00fc \u0130ran&#8217;a y\u00f6nelik uygulanan \u201cazami bask\u0131\u201d politikas\u0131 ka\u00e7\u0131n\u0131lmaz olarak ba\u015far\u0131s\u0131zl\u0131\u011fa u\u011frayacakt\u0131r\u2019\u2019 dedi. Irak\u00e7i, sosyal payla\u015f\u0131m sitesi \u201cX\u201dteki bir g\u00f6nderide \u015funlar\u0131 s\u00f6yledi: \u201cABD&#8217;nin ge\u00e7ti\u011fimiz y\u0131llarda izledi\u011fi azami bask\u0131 politikas\u0131, \u0130ran&#8217;\u0131n &#8216;maksimum direni\u015fiyle&#8217; kar\u015f\u0131la\u015ft\u0131 ve bu, sonu\u00e7ta &hellip;<\/p>\n","protected":false},"author":41,"featured_media":311455,"comment_status":"closed","ping_status":"closed","sticky":false,"template":"","format":"standard","meta":{"footnotes":""},"categories":[458,589,459,17988],"tags":[42880],"class_list":["post-311454","post","type-post","status-publish","format-standard","has-post-thumbnail","","category-dunya1","category-haber-seridi","category-haberler-arap-uluslararasi-politika","category-son-haberler","tag-irakci-amerikan-yonetimi-maksimum-rasyonelligi-secmeli-cunku-bu-herkesin-cikarinadir"],"_links":{"self":[{"href":"https:\/\/archive.sana.sy\/tr\/index.php?rest_route=\/wp\/v2\/posts\/311454","targetHints":{"allow":["GET"]}}],"collection":[{"href":"https:\/\/archive.sana.sy\/tr\/index.php?rest_route=\/wp\/v2\/posts"}],"about":[{"href":"https:\/\/archive.sana.sy\/tr\/index.php?rest_route=\/wp\/v2\/types\/post"}],"author":[{"embeddable":true,"href":"https:\/\/archive.sana.sy\/tr\/index.php?rest_route=\/wp\/v2\/users\/41"}],"replies":[{"embeddable":true,"href":"https:\/\/archive.sana.sy\/tr\/index.php?rest_route=%2Fwp%2Fv2%2Fcomments&post=311454"}],"version-history":[{"count":1,"href":"https:\/\/archive.sana.sy\/tr\/index.php?rest_route=\/wp\/v2\/posts\/311454\/revisions"}],"predecessor-version":[{"id":311456,"href":"https:\/\/archive.sana.sy\/tr\/index.php?rest_route=\/wp\/v2\/posts\/311454\/revisions\/311456"}],"wp:featuredmedia":[{"embeddable":true,"href":"https:\/\/archive.sana.sy\/tr\/index.php?rest_route=\/wp\/v2\/media\/311455"}],"wp:attachment":[{"href":"https:\/\/archive.sana.sy\/tr\/index.php?rest_route=%2Fwp%2Fv2%2Fmedia&parent=311454"}],"wp:term":[{"taxonomy":"category","embeddable":true,"href":"https:\/\/archive.sana.sy\/tr\/index.php?rest_route=%2Fwp%2Fv2%2Fcategories&post=311454"},{"taxonomy":"post_tag","embeddable":true,"href":"https:\/\/archive.sana.sy\/tr\/index.php?rest_route=%2Fwp%2Fv2%2Ftags&post=311454"}],"curies":[{"name":"wp","href":"https:\/\/api.w.org\/{rel}","templated":true}]}}