{"id":311459,"date":"2024-11-13T22:33:59","date_gmt":"2024-11-13T19:33:59","guid":{"rendered":"https:\/\/sana.sy\/tr\/?p=311459"},"modified":"2024-11-14T16:23:15","modified_gmt":"2024-11-14T13:23:15","slug":"cumhurbaskani-esadin-himayesinde-deniz-harp-okulundan-yeni-bir-grup-ogrencinin-mezuniyeti-video","status":"publish","type":"post","link":"https:\/\/archive.sana.sy\/tr\/?p=311459","title":{"rendered":"Cumhurba\u015fkan\u0131 Esad&#8217;\u0131n Himayesinde&#8230; Deniz Harp Okulu&#8217;ndan Yeni Bir Grup \u00d6\u011frencinin Mezuniyeti &#8211; Video"},"content":{"rendered":"<p style=\"text-align: justify;\"><strong>LAZK\u0130YE (SANA) &#8211;<\/strong> Say\u0131n Cumhurba\u015fkan\u0131m\u0131z, Kara Kuvvetleri ve Silahl\u0131 Kuvvetler Ba\u015fkomutan\u0131 Korgeneral Be\u015far Esad&#8217;\u0131n himayelerinde, Deniz Harp Okulu&#8217;ndan yeni bir \u00f6\u011frenci grubunun mezuniyeti bug\u00fcn kutland\u0131.<\/p>\n<p style=\"text-align: justify;\">Mezuniyet kutlamas\u0131na Say\u0131n Cumhurba\u015fkan\u0131 ad\u0131na Kara ve Silahl\u0131 Kuvvetler Genelkurmay Ba\u015fkan\u0131 Orgeneral Abd\u00fclkerim Mahmud \u0130brahim sponsor oldu. Orgeneral \u0130brahim, \u015feref k\u0131tas\u0131n\u0131 selamlad\u0131 ve kutlama, \u015ferefli \u015fehitlerimizin ruhlar\u0131 an\u0131s\u0131na bir dakikal\u0131k sayg\u0131 duru\u015fu ve Suriye Arap Cumhuriyeti milli mar\u015f\u0131n\u0131n \u00e7al\u0131nmas\u0131yla ba\u015flad\u0131.<\/p>\n<p style=\"text-align: justify;\">Kutlaman\u0131n sponsorunun temsilcisi General \u0130brahim, mezunlara yapt\u0131\u011f\u0131 konu\u015fmada, Cumhurba\u015fkan\u0131 Esad&#8217;\u0131n tebriklerini ve \u00e7al\u0131\u015fma ve ba\u011f\u0131\u015f alanlar\u0131nda, \u015feref ve gurur arenalar\u0131nda da kendilerini bekleyen ulusal g\u00f6revleri yerine getirmede ba\u015far\u0131l\u0131 olmalar\u0131 i\u00e7in y\u00fcrekten dileklerini iletti.<img loading=\"lazy\" decoding=\"async\" class=\"size-medium wp-image-311460 alignright\" src=\"http:\/\/sana.sy\/tr\/wp-content\/uploads\/2024\/11\/photo_12_2024-11-13_19-43-58-300x200.jpg\" alt=\"\" width=\"300\" height=\"200\" srcset=\"https:\/\/archive.sana.sy\/tr\/wp-content\/uploads\/2024\/11\/photo_12_2024-11-13_19-43-58-300x200.jpg 300w, https:\/\/archive.sana.sy\/tr\/wp-content\/uploads\/2024\/11\/photo_12_2024-11-13_19-43-58.jpg 660w\" sizes=\"auto, (max-width: 300px) 100vw, 300px\" \/><\/p>\n<p style=\"text-align: justify;\">Orgeneral \u0130brahim, subay \u00f6\u011frencilerinin yeti\u015ftirilmesinde askeri okullar\u0131n \u00f6nemini vurgulayarak, \u00f6zellikle saha \u00e7al\u0131\u015fmalar\u0131na ba\u015flad\u0131ktan sonra bilgi edinmeye, yetenek ve beceriler geli\u015ftirmeye devam etmenin s\u00fcrekli bir ihtiya\u00e7 oldu\u011funa dikkat \u00e7ekti.<\/p>\n<p style=\"text-align: justify;\">Orgeneral \u0130brahim ayr\u0131ca, Suriye&#8217;nin \u0130srail&#8217;in sald\u0131rganl\u0131klar\u0131n\u0131 ve \u00f6zellikle i\u015fgal edilen Filistin ve L\u00fcbnan&#8217;da i\u015flenen su\u00e7lar\u0131 durdurmak i\u00e7in karde\u015f ve dost \u00fclkelerle i\u015fbirli\u011fi i\u00e7inde \u00e7al\u0131\u015ft\u0131\u011f\u0131n\u0131 anlatt\u0131. Bunun b\u00f6lgemizde ve d\u00fcnyada g\u00fcvenlik ve istikrar \u00fczerindeki tehlikeli yans\u0131malar\u0131na dikkat \u00e7ekti.<\/p>\n<p style=\"text-align: justify;\">Denizcilik Y\u00fcksekokulu M\u00fcd\u00fcr\u00fc de konu\u015fmas\u0131nda teorik bilimlerin t\u00fcm \u00e7al\u0131\u015fma alanlar\u0131nda somutla\u015ft\u0131r\u0131larak peki\u015ftirilmesinin \u00f6nemini vurgulayarak, kolejde verilen e\u011fitimin teorik ve pratik olarak bilgi edinme konusunda k\u00fcm\u00fclatif bir s\u00fcrecin temelini olu\u015fturdu\u011funa dikkat \u00e7ekti.<\/p>\n<p style=\"text-align: justify;\">Daha sonra bayra\u011f\u0131 teslim ve teslim alma t\u00f6reni ger\u00e7ekle\u015ftirildi ve mezunlar askeri yemin etti sonra da ba\u015far\u0131 s\u0131ras\u0131 takip edildi ve Kara Kuvvetleri ve Silahl\u0131 Kuvvetler Genel Komutanl\u0131\u011f\u0131, mezuniyet kursuna, \u015fehitlik ve \u015fehadet onuruna kahraman \u015fehit Deniz Y\u00fczba\u015f\u0131 S\u00fcmer M\u00fcnif Suud&#8217;un ad\u0131n\u0131 vermeyi kabul etti.<\/p>\n<p><iframe loading=\"lazy\" title=\"\u0628\u0631\u0639\u0627\u064a\u0629 \u0627\u0644\u0633\u064a\u062f \u0627\u0644\u0631\u0626\u064a\u0633 \u0627\u0644\u0641\u0631\u064a\u0642 \u0628\u0634\u0627\u0631 \u0627\u0644\u0623\u0633\u062f .. \u062a\u062e\u0631\u064a\u062c \u062f\u0641\u0639\u0629 \u062c\u062f\u064a\u062f\u0629 \u0645\u0646 \u0637\u0644\u0627\u0628 \u0627\u0644\u0643\u0644\u064a\u0629 \u0627\u0644\u0628\u062d\u0631\u064a\u0629\" src=\"https:\/\/www.youtube.com\/embed\/7GoFYXOpakI\" width=\"620\" height=\"348\" frameborder=\"0\" allowfullscreen=\"allowfullscreen\"><\/iframe><\/p>\n<p><strong><a href=\"https:\/\/t.me\/SuriyeArapHaberAjansI\">Telegram Kanal\u0131m\u0131z\u00a0<\/a>||<a href=\"https:\/\/twitter.com\/arap_ajans\">X Platformumuz\u00a0<\/a>||<a href=\"https:\/\/www.facebook.com\/SANAHaberAjansi\/\">Facebook Sayfam\u0131z<\/a><\/strong><\/p>\n","protected":false},"excerpt":{"rendered":"<p>LAZK\u0130YE (SANA) &#8211; Say\u0131n Cumhurba\u015fkan\u0131m\u0131z, Kara Kuvvetleri ve Silahl\u0131 Kuvvetler Ba\u015fkomutan\u0131 Korgeneral Be\u015far Esad&#8217;\u0131n himayelerinde, Deniz Harp Okulu&#8217;ndan yeni bir \u00f6\u011frenci grubunun mezuniyeti bug\u00fcn kutland\u0131. Mezuniyet kutlamas\u0131na Say\u0131n Cumhurba\u015fkan\u0131 ad\u0131na Kara ve Silahl\u0131 Kuvvetler Genelkurmay Ba\u015fkan\u0131 Orgeneral Abd\u00fclkerim Mahmud \u0130brahim sponsor oldu. Orgeneral \u0130brahim, \u015feref k\u0131tas\u0131n\u0131 selamlad\u0131 ve kutlama, \u015ferefli \u015fehitlerimizin ruhlar\u0131 an\u0131s\u0131na bir dakikal\u0131k &hellip;<\/p>\n","protected":false},"author":41,"featured_media":311461,"comment_status":"closed","ping_status":"closed","sticky":false,"template":"","format":"standard","meta":{"footnotes":""},"categories":[479,478],"tags":[],"class_list":["post-311459","post","type-post","status-publish","format-standard","has-post-thumbnail","","category-haberler-yerel","category-yerel"],"_links":{"self":[{"href":"https:\/\/archive.sana.sy\/tr\/index.php?rest_route=\/wp\/v2\/posts\/311459","targetHints":{"allow":["GET"]}}],"collection":[{"href":"https:\/\/archive.sana.sy\/tr\/index.php?rest_route=\/wp\/v2\/posts"}],"about":[{"href":"https:\/\/archive.sana.sy\/tr\/index.php?rest_route=\/wp\/v2\/types\/post"}],"author":[{"embeddable":true,"href":"https:\/\/archive.sana.sy\/tr\/index.php?rest_route=\/wp\/v2\/users\/41"}],"replies":[{"embeddable":true,"href":"https:\/\/archive.sana.sy\/tr\/index.php?rest_route=%2Fwp%2Fv2%2Fcomments&post=311459"}],"version-history":[{"count":3,"href":"https:\/\/archive.sana.sy\/tr\/index.php?rest_route=\/wp\/v2\/posts\/311459\/revisions"}],"predecessor-version":[{"id":311464,"href":"https:\/\/archive.sana.sy\/tr\/index.php?rest_route=\/wp\/v2\/posts\/311459\/revisions\/311464"}],"wp:featuredmedia":[{"embeddable":true,"href":"https:\/\/archive.sana.sy\/tr\/index.php?rest_route=\/wp\/v2\/media\/311461"}],"wp:attachment":[{"href":"https:\/\/archive.sana.sy\/tr\/index.php?rest_route=%2Fwp%2Fv2%2Fmedia&parent=311459"}],"wp:term":[{"taxonomy":"category","embeddable":true,"href":"https:\/\/archive.sana.sy\/tr\/index.php?rest_route=%2Fwp%2Fv2%2Fcategories&post=311459"},{"taxonomy":"post_tag","embeddable":true,"href":"https:\/\/archive.sana.sy\/tr\/index.php?rest_route=%2Fwp%2Fv2%2Ftags&post=311459"}],"curies":[{"name":"wp","href":"https:\/\/api.w.org\/{rel}","templated":true}]}}