{"id":311465,"date":"2024-11-14T04:52:36","date_gmt":"2024-11-14T01:52:36","guid":{"rendered":"https:\/\/sana.sy\/tr\/?p=311465"},"modified":"2024-11-14T17:58:58","modified_gmt":"2024-11-14T14:58:58","slug":"laricani-bugun-suriyeyi-ziyaret-edecek","status":"publish","type":"post","link":"https:\/\/archive.sana.sy\/tr\/?p=311465","title":{"rendered":"Laricani Bug\u00fcn Suriye&#8217;yi Ziyaret Edecek"},"content":{"rendered":"<p><strong><span style=\"color: #800000;\">\u015eAM (SANA)<\/span> &#8211;<\/strong>\u00a0 \u0130slam Devrimi Lideri&#8217;nin k\u0131demli dan\u0131\u015fman\u0131 ve \u0130ran&#8217;daki \u0130htiyatl\u0131l\u0131k Konseyi \u00fcyesi Ali Laricani, Suriyeli yetkililerle g\u00f6r\u00fc\u015fmek \u00fczere bug\u00fcn Per\u015fembe g\u00fcn\u00fc \u015eam&#8217;\u0131 ziyaret edecek.<\/p>\n<p>Laricani, toplant\u0131lar\u0131 b\u00f6lgedeki mevcut durum ve \u0130ran-Suriye ili\u015fkilerine odaklanan resmi bir heyete ba\u015fkanl\u0131k ediyor.<\/p>\n<p style=\"text-align: center;\"><strong><a href=\"https:\/\/t.me\/SuriyeArapHaberAjansI\">Telegram Kanal\u0131m\u0131z\u00a0<\/a>||<a href=\"https:\/\/twitter.com\/arap_ajans\">X Platformumuz\u00a0<\/a>||<a href=\"https:\/\/www.facebook.com\/SANAHaberAjansi\/\">Facebook Sayfam\u0131z<\/a><\/strong><\/p>\n","protected":false},"excerpt":{"rendered":"<p>\u015eAM (SANA) &#8211;\u00a0 \u0130slam Devrimi Lideri&#8217;nin k\u0131demli dan\u0131\u015fman\u0131 ve \u0130ran&#8217;daki \u0130htiyatl\u0131l\u0131k Konseyi \u00fcyesi Ali Laricani, Suriyeli yetkililerle g\u00f6r\u00fc\u015fmek \u00fczere bug\u00fcn Per\u015fembe g\u00fcn\u00fc \u015eam&#8217;\u0131 ziyaret edecek. Laricani, toplant\u0131lar\u0131 b\u00f6lgedeki mevcut durum ve \u0130ran-Suriye ili\u015fkilerine odaklanan resmi bir heyete ba\u015fkanl\u0131k ediyor. Telegram Kanal\u0131m\u0131z\u00a0||X Platformumuz\u00a0||Facebook Sayfam\u0131z<\/p>\n","protected":false},"author":36,"featured_media":311466,"comment_status":"closed","ping_status":"closed","sticky":false,"template":"","format":"standard","meta":{"footnotes":""},"categories":[589,479,17988,478],"tags":[],"class_list":["post-311465","post","type-post","status-publish","format-standard","has-post-thumbnail","","category-haber-seridi","category-haberler-yerel","category-son-haberler","category-yerel"],"_links":{"self":[{"href":"https:\/\/archive.sana.sy\/tr\/index.php?rest_route=\/wp\/v2\/posts\/311465","targetHints":{"allow":["GET"]}}],"collection":[{"href":"https:\/\/archive.sana.sy\/tr\/index.php?rest_route=\/wp\/v2\/posts"}],"about":[{"href":"https:\/\/archive.sana.sy\/tr\/index.php?rest_route=\/wp\/v2\/types\/post"}],"author":[{"embeddable":true,"href":"https:\/\/archive.sana.sy\/tr\/index.php?rest_route=\/wp\/v2\/users\/36"}],"replies":[{"embeddable":true,"href":"https:\/\/archive.sana.sy\/tr\/index.php?rest_route=%2Fwp%2Fv2%2Fcomments&post=311465"}],"version-history":[{"count":1,"href":"https:\/\/archive.sana.sy\/tr\/index.php?rest_route=\/wp\/v2\/posts\/311465\/revisions"}],"predecessor-version":[{"id":311467,"href":"https:\/\/archive.sana.sy\/tr\/index.php?rest_route=\/wp\/v2\/posts\/311465\/revisions\/311467"}],"wp:featuredmedia":[{"embeddable":true,"href":"https:\/\/archive.sana.sy\/tr\/index.php?rest_route=\/wp\/v2\/media\/311466"}],"wp:attachment":[{"href":"https:\/\/archive.sana.sy\/tr\/index.php?rest_route=%2Fwp%2Fv2%2Fmedia&parent=311465"}],"wp:term":[{"taxonomy":"category","embeddable":true,"href":"https:\/\/archive.sana.sy\/tr\/index.php?rest_route=%2Fwp%2Fv2%2Fcategories&post=311465"},{"taxonomy":"post_tag","embeddable":true,"href":"https:\/\/archive.sana.sy\/tr\/index.php?rest_route=%2Fwp%2Fv2%2Ftags&post=311465"}],"curies":[{"name":"wp","href":"https:\/\/api.w.org\/{rel}","templated":true}]}}