{"id":311471,"date":"2024-11-14T11:19:12","date_gmt":"2024-11-14T08:19:12","guid":{"rendered":"https:\/\/sana.sy\/tr\/?p=311471"},"modified":"2024-11-14T11:19:12","modified_gmt":"2024-11-14T08:19:12","slug":"homs-sana-muhabiri-hava-savunma-medyamiz-homs-sehrinin-guney-hava-sahasinda-dusmanca-bir-saldiriya-karsi-koydu","status":"publish","type":"post","link":"https:\/\/archive.sana.sy\/tr\/?p=311471","title":{"rendered":"Homs SANA muhabiri: Hava savunma medyam\u0131z Homs \u015fehrinin g\u00fcney hava sahas\u0131nda d\u00fc\u015fmanca bir sald\u0131r\u0131ya kar\u015f\u0131 koydu"},"content":{"rendered":"<p>Homs SANA muhabiri: Hava savunma medyam\u0131z Homs \u015fehrinin g\u00fcney hava sahas\u0131nda d\u00fc\u015fmanca bir sald\u0131r\u0131ya kar\u015f\u0131 koydu<\/p>\n","protected":false},"excerpt":{"rendered":"<p>Homs SANA muhabiri: Hava savunma medyam\u0131z Homs \u015fehrinin g\u00fcney hava sahas\u0131nda d\u00fc\u015fmanca bir sald\u0131r\u0131ya kar\u015f\u0131 koydu<\/p>\n","protected":false},"author":36,"featured_media":0,"comment_status":"closed","ping_status":"closed","sticky":false,"template":"","format":"standard","meta":{"footnotes":""},"categories":[17991],"tags":[],"class_list":["post-311471","post","type-post","status-publish","format-standard","","category-son-dakika"],"_links":{"self":[{"href":"https:\/\/archive.sana.sy\/tr\/index.php?rest_route=\/wp\/v2\/posts\/311471","targetHints":{"allow":["GET"]}}],"collection":[{"href":"https:\/\/archive.sana.sy\/tr\/index.php?rest_route=\/wp\/v2\/posts"}],"about":[{"href":"https:\/\/archive.sana.sy\/tr\/index.php?rest_route=\/wp\/v2\/types\/post"}],"author":[{"embeddable":true,"href":"https:\/\/archive.sana.sy\/tr\/index.php?rest_route=\/wp\/v2\/users\/36"}],"replies":[{"embeddable":true,"href":"https:\/\/archive.sana.sy\/tr\/index.php?rest_route=%2Fwp%2Fv2%2Fcomments&post=311471"}],"version-history":[{"count":1,"href":"https:\/\/archive.sana.sy\/tr\/index.php?rest_route=\/wp\/v2\/posts\/311471\/revisions"}],"predecessor-version":[{"id":311472,"href":"https:\/\/archive.sana.sy\/tr\/index.php?rest_route=\/wp\/v2\/posts\/311471\/revisions\/311472"}],"wp:attachment":[{"href":"https:\/\/archive.sana.sy\/tr\/index.php?rest_route=%2Fwp%2Fv2%2Fmedia&parent=311471"}],"wp:term":[{"taxonomy":"category","embeddable":true,"href":"https:\/\/archive.sana.sy\/tr\/index.php?rest_route=%2Fwp%2Fv2%2Fcategories&post=311471"},{"taxonomy":"post_tag","embeddable":true,"href":"https:\/\/archive.sana.sy\/tr\/index.php?rest_route=%2Fwp%2Fv2%2Ftags&post=311471"}],"curies":[{"name":"wp","href":"https:\/\/api.w.org\/{rel}","templated":true}]}}