{"id":311473,"date":"2024-11-14T12:57:12","date_gmt":"2024-11-14T09:57:12","guid":{"rendered":"https:\/\/sana.sy\/tr\/?p=311473"},"modified":"2024-11-14T18:51:55","modified_gmt":"2024-11-14T15:51:55","slug":"bakan-sabbag-guney-afrikanin-suriye-buyukelcisinin-guven-mektubunun-bir-nushasini-aldi","status":"publish","type":"post","link":"https:\/\/archive.sana.sy\/tr\/?p=311473","title":{"rendered":"Bakan Sabba\u011f, G\u00fcney Afrika&#8217;n\u0131n Suriye B\u00fcy\u00fckel\u00e7isinin G\u00fcven Mektubunun Bir N\u00fcshas\u0131n\u0131 Teslim Ald\u0131"},"content":{"rendered":"<p style=\"text-align: justify;\"><strong><span style=\"color: #800000;\">\u015eAM (SANA)<\/span> &#8211; <\/strong>D\u0131\u015fi\u015fleri ve Gurbet\u00e7iler Bakan\u0131 Bessam Sabba\u011f, bug\u00fcn G\u00fcney Afrika Cumhuriyeti&#8217;nin Suriye Arap Cumhuriyeti&#8217;ndeki Ola\u011fan\u00fcst\u00fc ve Tam Yetkili B\u00fcy\u00fckel\u00e7isi B\u00fcy\u00fckel\u00e7i A\u015fraf S\u00fcleyman&#8217;\u0131n g\u00fcven mektubunu bir n\u00fcshas\u0131n\u0131 teslim ald\u0131.<\/p>\n<p style=\"text-align: justify;\">Bakan Sabba\u011f, yeni b\u00fcy\u00fckel\u00e7iyi memnuniyetle kar\u015f\u0131layarak, Suriye&#8217;ye b\u00fcy\u00fckel\u00e7i olarak atanmas\u0131ndan dolay\u0131 kendisini tebrik etti.<\/p>\n<p style=\"text-align: justify;\">Sabba\u011f ayr\u0131ca, iki dost \u00fclke ve halk aras\u0131ndaki tarihi ili\u015fkilerin g\u00fcc\u00fcne dikkat \u00e7ekerken, G\u00fcney Afrika&#8217;n\u0131n, ba\u015fta Filistin meselesi olmak \u00fczere halklar\u0131n hakl\u0131 davalar\u0131n\u0131 destekleme konusundaki konumunu \u00f6vd\u00fc.<\/p>\n<p style=\"text-align: justify;\">B\u00fcy\u00fckel\u00e7i S\u00fcleyman ise, Suriye ile G\u00fcney Afrika aras\u0131ndaki i\u015fbirli\u011fini ve iki \u00fclkenin ortak \u00e7\u0131karlar\u0131na hizmet edecek \u015fekilde daha geni\u015f alanlar\u0131 kapsayacak \u015fekilde g\u00fc\u00e7lendirmek i\u00e7in \u00e7al\u0131\u015fma niyetini vurgulad\u0131.<\/p>\n<p style=\"text-align: center;\"><strong><a href=\"https:\/\/t.me\/SuriyeArapHaberAjansI\">Telegram Kanal\u0131m\u0131z\u00a0<\/a>||<a href=\"https:\/\/twitter.com\/arap_ajans\">X Platformumuz\u00a0<\/a>||<a href=\"https:\/\/www.facebook.com\/SANAHaberAjansi\/\">Facebook Sayfam\u0131z<\/a><\/strong><\/p>\n","protected":false},"excerpt":{"rendered":"<p>\u015eAM (SANA) &#8211; D\u0131\u015fi\u015fleri ve Gurbet\u00e7iler Bakan\u0131 Bessam Sabba\u011f, bug\u00fcn G\u00fcney Afrika Cumhuriyeti&#8217;nin Suriye Arap Cumhuriyeti&#8217;ndeki Ola\u011fan\u00fcst\u00fc ve Tam Yetkili B\u00fcy\u00fckel\u00e7isi B\u00fcy\u00fckel\u00e7i A\u015fraf S\u00fcleyman&#8217;\u0131n g\u00fcven mektubunu bir n\u00fcshas\u0131n\u0131 teslim ald\u0131. Bakan Sabba\u011f, yeni b\u00fcy\u00fckel\u00e7iyi memnuniyetle kar\u015f\u0131layarak, Suriye&#8217;ye b\u00fcy\u00fckel\u00e7i olarak atanmas\u0131ndan dolay\u0131 kendisini tebrik etti. Sabba\u011f ayr\u0131ca, iki dost \u00fclke ve halk aras\u0131ndaki tarihi ili\u015fkilerin g\u00fcc\u00fcne &hellip;<\/p>\n","protected":false},"author":36,"featured_media":311474,"comment_status":"closed","ping_status":"closed","sticky":false,"template":"","format":"standard","meta":{"footnotes":""},"categories":[589,479,17988,478],"tags":[42486,42885,19043,38641,38384,24532],"class_list":["post-311473","post","type-post","status-publish","format-standard","has-post-thumbnail","","category-haber-seridi","category-haberler-yerel","category-son-haberler","category-yerel","tag-bakan-sabbag","tag-guney-afrikanin-suriye-buyukelcisinin-guven-mektubunun-bir-nushasini-teslim-aldi","tag-suriyede-son-durum","tag-suriyede-son-gelimeler","tag-suriyenin-savastan-sonraki-durumu","tag-suriyede-ekonomi-durumu"],"_links":{"self":[{"href":"https:\/\/archive.sana.sy\/tr\/index.php?rest_route=\/wp\/v2\/posts\/311473","targetHints":{"allow":["GET"]}}],"collection":[{"href":"https:\/\/archive.sana.sy\/tr\/index.php?rest_route=\/wp\/v2\/posts"}],"about":[{"href":"https:\/\/archive.sana.sy\/tr\/index.php?rest_route=\/wp\/v2\/types\/post"}],"author":[{"embeddable":true,"href":"https:\/\/archive.sana.sy\/tr\/index.php?rest_route=\/wp\/v2\/users\/36"}],"replies":[{"embeddable":true,"href":"https:\/\/archive.sana.sy\/tr\/index.php?rest_route=%2Fwp%2Fv2%2Fcomments&post=311473"}],"version-history":[{"count":5,"href":"https:\/\/archive.sana.sy\/tr\/index.php?rest_route=\/wp\/v2\/posts\/311473\/revisions"}],"predecessor-version":[{"id":311536,"href":"https:\/\/archive.sana.sy\/tr\/index.php?rest_route=\/wp\/v2\/posts\/311473\/revisions\/311536"}],"wp:featuredmedia":[{"embeddable":true,"href":"https:\/\/archive.sana.sy\/tr\/index.php?rest_route=\/wp\/v2\/media\/311474"}],"wp:attachment":[{"href":"https:\/\/archive.sana.sy\/tr\/index.php?rest_route=%2Fwp%2Fv2%2Fmedia&parent=311473"}],"wp:term":[{"taxonomy":"category","embeddable":true,"href":"https:\/\/archive.sana.sy\/tr\/index.php?rest_route=%2Fwp%2Fv2%2Fcategories&post=311473"},{"taxonomy":"post_tag","embeddable":true,"href":"https:\/\/archive.sana.sy\/tr\/index.php?rest_route=%2Fwp%2Fv2%2Ftags&post=311473"}],"curies":[{"name":"wp","href":"https:\/\/api.w.org\/{rel}","templated":true}]}}