{"id":311477,"date":"2024-11-14T08:00:26","date_gmt":"2024-11-14T05:00:26","guid":{"rendered":"https:\/\/sana.sy\/tr\/?p=311477"},"modified":"2024-11-14T19:00:36","modified_gmt":"2024-11-14T16:00:36","slug":"peskov-rusya-ile-abd-arasinda-henuz-bir-temas-yoktur","status":"publish","type":"post","link":"https:\/\/archive.sana.sy\/tr\/?p=311477","title":{"rendered":"Peskov: Rusya \u0130le ABD Aras\u0131nda Hen\u00fcz Bir Temas Yoktur"},"content":{"rendered":"<p style=\"text-align: justify;\"><span style=\"color: #800000;\"><strong>MOSKOVA <\/strong><strong>(SANA)<\/strong> &#8211;<\/span> \u00a0Rusya devlet ba\u015fkan\u0131 s\u00f6zc\u00fcs\u00fc Dmitry Peskov, Rusya liderli\u011fi ile Amerikan taraf\u0131 aras\u0131nda \u015fu ana kadar herhangi bir temas kurulmad\u0131\u011f\u0131n\u0131 duyurdu.<\/p>\n<p style=\"text-align: justify;\">RIA Novosti, Peskov&#8217;un \u015fu s\u00f6zlerini aktard\u0131: &#8220;Rusya ile ABD aras\u0131nda tart\u0131\u015f\u0131lmas\u0131 gereken pek \u00e7ok \u00e7etrefilli konu var ve belirli bir konuyu \u00f6ne \u00e7\u0131karmak yanl\u0131\u015f olur.&#8221;<\/p>\n<p style=\"text-align: justify;\">Peskov ayr\u0131ca, Rusya Devlet Ba\u015fkan\u0131 Vladimir Putin&#8217;in Ukrayna ihtilaf\u0131na ili\u015fkin kararlarla ilgili konular\u0131 bizzat denetledi\u011fini, Kremlin&#8217;in bu konuda ayr\u0131 bir tutum sergileme niyetinde olmad\u0131\u011f\u0131n\u0131 kaydetti.<\/p>\n<p style=\"text-align: center;\"><strong><a href=\"https:\/\/t.me\/SuriyeArapHaberAjansI\">Telegram Kanal\u0131m\u0131z\u00a0<\/a>||<a href=\"https:\/\/twitter.com\/arap_ajans\">X Platformumuz\u00a0<\/a>||<a href=\"https:\/\/www.facebook.com\/SANAHaberAjansi\/\">Facebook Sayfam\u0131z<\/a><\/strong><\/p>\n","protected":false},"excerpt":{"rendered":"<p>MOSKOVA (SANA) &#8211; \u00a0Rusya devlet ba\u015fkan\u0131 s\u00f6zc\u00fcs\u00fc Dmitry Peskov, Rusya liderli\u011fi ile Amerikan taraf\u0131 aras\u0131nda \u015fu ana kadar herhangi bir temas kurulmad\u0131\u011f\u0131n\u0131 duyurdu. RIA Novosti, Peskov&#8217;un \u015fu s\u00f6zlerini aktard\u0131: &#8220;Rusya ile ABD aras\u0131nda tart\u0131\u015f\u0131lmas\u0131 gereken pek \u00e7ok \u00e7etrefilli konu var ve belirli bir konuyu \u00f6ne \u00e7\u0131karmak yanl\u0131\u015f olur.&#8221; Peskov ayr\u0131ca, Rusya Devlet Ba\u015fkan\u0131 Vladimir Putin&#8217;in &hellip;<\/p>\n","protected":false},"author":44,"featured_media":311479,"comment_status":"closed","ping_status":"closed","sticky":false,"template":"","format":"standard","meta":{"footnotes":""},"categories":[458,589,459,17988],"tags":[42881],"class_list":["post-311477","post","type-post","status-publish","format-standard","has-post-thumbnail","","category-dunya1","category-haber-seridi","category-haberler-arap-uluslararasi-politika","category-son-haberler","tag-peskov-rusya-ile-abd-arasinda-henuz-bir-temas-yoktur"],"_links":{"self":[{"href":"https:\/\/archive.sana.sy\/tr\/index.php?rest_route=\/wp\/v2\/posts\/311477","targetHints":{"allow":["GET"]}}],"collection":[{"href":"https:\/\/archive.sana.sy\/tr\/index.php?rest_route=\/wp\/v2\/posts"}],"about":[{"href":"https:\/\/archive.sana.sy\/tr\/index.php?rest_route=\/wp\/v2\/types\/post"}],"author":[{"embeddable":true,"href":"https:\/\/archive.sana.sy\/tr\/index.php?rest_route=\/wp\/v2\/users\/44"}],"replies":[{"embeddable":true,"href":"https:\/\/archive.sana.sy\/tr\/index.php?rest_route=%2Fwp%2Fv2%2Fcomments&post=311477"}],"version-history":[{"count":2,"href":"https:\/\/archive.sana.sy\/tr\/index.php?rest_route=\/wp\/v2\/posts\/311477\/revisions"}],"predecessor-version":[{"id":311505,"href":"https:\/\/archive.sana.sy\/tr\/index.php?rest_route=\/wp\/v2\/posts\/311477\/revisions\/311505"}],"wp:featuredmedia":[{"embeddable":true,"href":"https:\/\/archive.sana.sy\/tr\/index.php?rest_route=\/wp\/v2\/media\/311479"}],"wp:attachment":[{"href":"https:\/\/archive.sana.sy\/tr\/index.php?rest_route=%2Fwp%2Fv2%2Fmedia&parent=311477"}],"wp:term":[{"taxonomy":"category","embeddable":true,"href":"https:\/\/archive.sana.sy\/tr\/index.php?rest_route=%2Fwp%2Fv2%2Fcategories&post=311477"},{"taxonomy":"post_tag","embeddable":true,"href":"https:\/\/archive.sana.sy\/tr\/index.php?rest_route=%2Fwp%2Fv2%2Ftags&post=311477"}],"curies":[{"name":"wp","href":"https:\/\/api.w.org\/{rel}","templated":true}]}}