{"id":311492,"date":"2024-11-14T16:10:58","date_gmt":"2024-11-14T13:10:58","guid":{"rendered":"https:\/\/sana.sy\/tr\/?p=311492"},"modified":"2024-11-16T10:34:50","modified_gmt":"2024-11-16T07:34:50","slug":"cumhurbaskani-esadin-himayesinde-hava-kolejinin-uc-enstitusunden-yeni-bir-grup-ogrenci-mezun-oldu","status":"publish","type":"post","link":"https:\/\/archive.sana.sy\/tr\/?p=311492","title":{"rendered":"Cumhurba\u015fkan\u0131 Esad&#8217;\u0131n Himayesinde&#8230; Hava Koleji&#8217;nin \u00dc\u00e7 Enstit\u00fcs\u00fcnden Yeni Bir Grup \u00f6\u011frenci Mezun Edildi"},"content":{"rendered":"<p style=\"text-align: justify;\"><span style=\"color: #800000;\"><strong>\u015eAM (SANA)<\/strong><\/span> \u00a0&#8211; Say\u0131n Cumhurba\u015fkan\u0131 Ordu ve Silahl\u0131 Kuvvetler Ba\u015fkomutan\u0131 Korgeneral Be\u015f\u015far Esad&#8217;\u0131n himayesinde, Hava Koleji&#8217;nin \u00fc\u00e7 enstit\u00fcs\u00fcnde (hava, teknik ve seyr\u00fcsefer) yeni bir grup \u00f6\u011frenci mezuniyeti kutland\u0131.<\/p>\n<p style=\"text-align: justify;\"><img loading=\"lazy\" decoding=\"async\" class=\"size-full wp-image-311494 alignright\" src=\"http:\/\/sana.sy\/tr\/wp-content\/uploads\/2024\/11\/14-5-300x169-1.jpg\" alt=\"\" width=\"300\" height=\"169\" \/>Kutlamada kat\u0131lan Say\u0131n Cumhurba\u015fkan\u0131m\u0131z\u0131 Kara ve Silahl\u0131 Kuvvetler Genelkurmay Ba\u015fkan Yard\u0131mc\u0131s\u0131 T\u00fcmgeneral M\u00fcfid Hassan\u00a0 temsil etti.<\/p>\n<p style=\"text-align: justify;\">Kutlama sponsorunun temsilcisi \u015feref k\u0131tas\u0131n\u0131 selamlad\u0131.<\/p>\n<p style=\"text-align: justify;\">Kutlama, \u015fehitlerimizin ruhlar\u0131 an\u0131s\u0131na bir dakikal\u0131k sayg\u0131 duru\u015fuyla ba\u015flad\u0131ktan sonra, Suriye Arap Cumhuriyeti \u0130stiklal Mar\u015f\u0131 \u00e7al\u0131nd\u0131.<\/p>\n<p style=\"text-align: justify;\">Kutlaman\u0131n sponsorunun T\u00fcmgeneral Temsilcisi bir konu\u015fma yaparak, Cumhurba\u015fkan\u0131 Korgeneral Esad&#8217;\u0131n tebriklerini ve mezunlara cesur yolda\u015flar\u0131yla birlikte vatan savunmas\u0131nda ulusal g\u00f6revlerini yerine getirirken ba\u015far\u0131lar dilediklerini iletti.<\/p>\n<p style=\"text-align: justify;\">T\u00fcmgeneral Hasan ayr\u0131ca, silahl\u0131 kuvvetlerimizin yeteneklerini ve y\u00fcksek haz\u0131rl\u0131k d\u00fczeyini koruyan nitelikli e\u011fitim ve e\u011fitim kazan\u0131mlar\u0131n\u0131n s\u00fcrd\u00fcr\u00fclmesinin gereklili\u011fini vurgulayarak, Suriye&#8217;nin g\u00fcvenlik ve istikrar topraklar\u0131na geri <img loading=\"lazy\" decoding=\"async\" class=\"size-full wp-image-311495 alignright\" src=\"http:\/\/sana.sy\/tr\/wp-content\/uploads\/2024\/11\/10-7-300x200-1.jpg\" alt=\"\" width=\"300\" height=\"200\" \/>d\u00f6nene kadar ter\u00f6rizm sava\u015f\u0131na devam edece\u011fini kaydetti.<\/p>\n<p style=\"text-align: justify;\">Hava Koleji M\u00fcd\u00fcr\u00fc de yapt\u0131\u011f\u0131 konu\u015fmada da, mezunlar\u0131n astlar\u0131na rol model olmalar\u0131n\u0131 ve \u00fczerlerine d\u00fc\u015fen sorumlulu\u011fu yerine getirmelerini \u00f6nerdi.<\/p>\n<p style=\"text-align: justify;\">Daha sonra bayra\u011f\u0131 teslim ve teslim alma t\u00f6reni ger\u00e7ekle\u015ftirildi, ard\u0131ndan mezunlar askerlik yemini etti.<\/p>\n<p style=\"text-align: justify;\">Mezunlara sembolik hediyeler de da\u011f\u0131t\u0131l\u0131rken, birinci \u00f6\u011frenci vefa ve samimiyet g\u00f6stergesi olarak kurs kalkan\u0131n\u0131 kutlama sponsorunun tugay temsilcisine takdim etti. \u015fehitlerin kan\u0131.<\/p>\n<p style=\"text-align: justify;\">Bu ba\u011flamda, Say\u0131n Cumhurba\u015fkan\u0131 Korgeneral Be\u015f\u015far Esad&#8217;\u0131n himayesinde, Askeri K\u0131z Koleji&#8217;nden yeni bir grup k\u0131z \u00f6\u011frenci de mezun edildi. Kutlamaya, Cumhurba\u015fkan\u0131 ad\u0131na Kara Kuvvetleri ve Silahl\u0131 Kuvvetler Genelkurmay Ba\u015fkan Yard\u0131mc\u0131s\u0131 T\u00fcmgeneral Usama Huriye kat\u0131ld\u0131.<\/p>\n<p style=\"text-align: justify;\">Kutlama sponsorunun temsilcisi \u015feref k\u0131tas\u0131n\u0131 selamlad\u0131ktan sonra \u015fehitlerimizin ruhlar\u0131 an\u0131s\u0131na bir dakikal\u0131k sayg\u0131 duru\u015fuyla ba\u015fland\u0131.\u00a0 Ard\u0131ndan Suriye Arap Cumhuriyeti \u0130stiklal Mar\u015f\u0131 \u00e7al\u0131nd\u0131.<\/p>\n<p style=\"text-align: justify;\">Genelkurmay Ba\u015fkan Yard\u0131mc\u0131s\u0131 T\u00fcmgeneral ayr\u0131ca, teorik bilgi ve pratik deneyime sahip olman\u0131n ve bunlar\u0131 ba\u015far\u0131l\u0131 bir mesleki hayata yat\u0131rman\u0131n gereklili\u011fini vurgulayarak, Suriye&#8217;nin ter\u00f6rizm ve destek\u00e7ileri kar\u015f\u0131s\u0131nda zafer elde edene kadar ba\u015far\u0131lar ve kahramanl\u0131k yolunda devam etti\u011fini kaydetti.<\/p>\n<p style=\"text-align: justify;\">K\u0131z Harp Okulu M\u00fcd\u00fcr\u00fc de konu\u015fmas\u0131nda \u00f6\u011frencilere, aziz vatan\u0131m\u0131za kar\u015f\u0131 t\u00fcm g\u00f6rev ve sorumluluklar\u0131 yerine getirebilmeleri i\u00e7in bilgilerini geli\u015ftirmeye y\u00f6nelik \u00e7aba g\u00f6stermeye devam etmelerini tavsiye etti.<\/p>\n<p style=\"text-align: justify;\">Kutlama, Suriye Arap Cumhuriyeti&#8217;nin milli mar\u015f\u0131n\u0131n okunmas\u0131yla sona erdi.<\/p>\n<div id='gallery-1' class='gallery galleryid-311492 gallery-columns-4 gallery-size-thumbnail'><figure class='gallery-item'>\n\t\t\t<div class='gallery-icon landscape'>\n\t\t\t\t<a href='https:\/\/archive.sana.sy\/tr\/?attachment_id=311511'><img loading=\"lazy\" decoding=\"async\" width=\"150\" height=\"150\" src=\"https:\/\/archive.sana.sy\/tr\/wp-content\/uploads\/2024\/11\/2-8-150x150.jpg\" class=\"attachment-thumbnail size-thumbnail\" alt=\"\" \/><\/a>\n\t\t\t<\/div><\/figure><figure class='gallery-item'>\n\t\t\t<div class='gallery-icon landscape'>\n\t\t\t\t<a href='https:\/\/archive.sana.sy\/tr\/?attachment_id=311512'><img loading=\"lazy\" decoding=\"async\" width=\"150\" height=\"150\" src=\"https:\/\/archive.sana.sy\/tr\/wp-content\/uploads\/2024\/11\/1-9-150x150.jpg\" class=\"attachment-thumbnail size-thumbnail\" alt=\"\" \/><\/a>\n\t\t\t<\/div><\/figure><figure class='gallery-item'>\n\t\t\t<div class='gallery-icon landscape'>\n\t\t\t\t<a href='https:\/\/archive.sana.sy\/tr\/?attachment_id=311513'><img loading=\"lazy\" decoding=\"async\" width=\"150\" height=\"150\" src=\"https:\/\/archive.sana.sy\/tr\/wp-content\/uploads\/2024\/11\/3-6-150x150.jpg\" class=\"attachment-thumbnail size-thumbnail\" alt=\"\" \/><\/a>\n\t\t\t<\/div><\/figure><figure class='gallery-item'>\n\t\t\t<div class='gallery-icon landscape'>\n\t\t\t\t<a href='https:\/\/archive.sana.sy\/tr\/?attachment_id=311514'><img loading=\"lazy\" decoding=\"async\" width=\"150\" height=\"150\" src=\"https:\/\/archive.sana.sy\/tr\/wp-content\/uploads\/2024\/11\/4-3-150x150.jpg\" class=\"attachment-thumbnail size-thumbnail\" alt=\"\" \/><\/a>\n\t\t\t<\/div><\/figure><figure class='gallery-item'>\n\t\t\t<div class='gallery-icon landscape'>\n\t\t\t\t<a href='https:\/\/archive.sana.sy\/tr\/?attachment_id=311515'><img loading=\"lazy\" decoding=\"async\" width=\"150\" height=\"150\" src=\"https:\/\/archive.sana.sy\/tr\/wp-content\/uploads\/2024\/11\/8-150x150.jpg\" class=\"attachment-thumbnail size-thumbnail\" alt=\"\" \/><\/a>\n\t\t\t<\/div><\/figure><figure class='gallery-item'>\n\t\t\t<div class='gallery-icon landscape'>\n\t\t\t\t<a href='https:\/\/archive.sana.sy\/tr\/?attachment_id=311516'><img loading=\"lazy\" decoding=\"async\" width=\"150\" height=\"150\" src=\"https:\/\/archive.sana.sy\/tr\/wp-content\/uploads\/2024\/11\/5-2-150x150.jpg\" class=\"attachment-thumbnail size-thumbnail\" alt=\"\" \/><\/a>\n\t\t\t<\/div><\/figure><figure class='gallery-item'>\n\t\t\t<div class='gallery-icon landscape'>\n\t\t\t\t<a href='https:\/\/archive.sana.sy\/tr\/?attachment_id=311517'><img loading=\"lazy\" decoding=\"async\" width=\"150\" height=\"150\" src=\"https:\/\/archive.sana.sy\/tr\/wp-content\/uploads\/2024\/11\/7-150x150.jpg\" class=\"attachment-thumbnail size-thumbnail\" alt=\"\" \/><\/a>\n\t\t\t<\/div><\/figure><figure class='gallery-item'>\n\t\t\t<div class='gallery-icon portrait'>\n\t\t\t\t<a href='https:\/\/archive.sana.sy\/tr\/?attachment_id=311518'><img loading=\"lazy\" decoding=\"async\" width=\"150\" height=\"150\" src=\"https:\/\/archive.sana.sy\/tr\/wp-content\/uploads\/2024\/11\/6-1-150x150.jpg\" class=\"attachment-thumbnail size-thumbnail\" alt=\"\" \/><\/a>\n\t\t\t<\/div><\/figure>\n\t\t<\/div>\n\n<p style=\"text-align: center;\"><strong><a href=\"https:\/\/t.me\/SuriyeArapHaberAjansI\">Telegram Kanal\u0131m\u0131z<span style=\"color: #ff0000;\">\u00a0<\/span><\/a><span style=\"color: #ff0000;\">||<\/span><a href=\"https:\/\/twitter.com\/arap_ajans\">X Platformumuz\u00a0<\/a><span style=\"color: #ff0000;\">||<\/span><a href=\"https:\/\/www.facebook.com\/SANAHaberAjansi\/\">Facebook Sayfam\u0131z<\/a><\/strong><\/p>\n","protected":false},"excerpt":{"rendered":"<p>\u015eAM (SANA) \u00a0&#8211; Say\u0131n Cumhurba\u015fkan\u0131 Ordu ve Silahl\u0131 Kuvvetler Ba\u015fkomutan\u0131 Korgeneral Be\u015f\u015far Esad&#8217;\u0131n himayesinde, Hava Koleji&#8217;nin \u00fc\u00e7 enstit\u00fcs\u00fcnde (hava, teknik ve seyr\u00fcsefer) yeni bir grup \u00f6\u011frenci mezuniyeti kutland\u0131. Kutlamada kat\u0131lan Say\u0131n Cumhurba\u015fkan\u0131m\u0131z\u0131 Kara ve Silahl\u0131 Kuvvetler Genelkurmay Ba\u015fkan Yard\u0131mc\u0131s\u0131 T\u00fcmgeneral M\u00fcfid Hassan\u00a0 temsil etti. Kutlama sponsorunun temsilcisi \u015feref k\u0131tas\u0131n\u0131 selamlad\u0131. Kutlama, \u015fehitlerimizin ruhlar\u0131 an\u0131s\u0131na bir &hellip;<\/p>\n","protected":false},"author":44,"featured_media":311493,"comment_status":"closed","ping_status":"closed","sticky":false,"template":"","format":"standard","meta":{"footnotes":""},"categories":[589,479,17988,478],"tags":[],"class_list":["post-311492","post","type-post","status-publish","format-standard","has-post-thumbnail","","category-haber-seridi","category-haberler-yerel","category-son-haberler","category-yerel"],"_links":{"self":[{"href":"https:\/\/archive.sana.sy\/tr\/index.php?rest_route=\/wp\/v2\/posts\/311492","targetHints":{"allow":["GET"]}}],"collection":[{"href":"https:\/\/archive.sana.sy\/tr\/index.php?rest_route=\/wp\/v2\/posts"}],"about":[{"href":"https:\/\/archive.sana.sy\/tr\/index.php?rest_route=\/wp\/v2\/types\/post"}],"author":[{"embeddable":true,"href":"https:\/\/archive.sana.sy\/tr\/index.php?rest_route=\/wp\/v2\/users\/44"}],"replies":[{"embeddable":true,"href":"https:\/\/archive.sana.sy\/tr\/index.php?rest_route=%2Fwp%2Fv2%2Fcomments&post=311492"}],"version-history":[{"count":5,"href":"https:\/\/archive.sana.sy\/tr\/index.php?rest_route=\/wp\/v2\/posts\/311492\/revisions"}],"predecessor-version":[{"id":311545,"href":"https:\/\/archive.sana.sy\/tr\/index.php?rest_route=\/wp\/v2\/posts\/311492\/revisions\/311545"}],"wp:featuredmedia":[{"embeddable":true,"href":"https:\/\/archive.sana.sy\/tr\/index.php?rest_route=\/wp\/v2\/media\/311493"}],"wp:attachment":[{"href":"https:\/\/archive.sana.sy\/tr\/index.php?rest_route=%2Fwp%2Fv2%2Fmedia&parent=311492"}],"wp:term":[{"taxonomy":"category","embeddable":true,"href":"https:\/\/archive.sana.sy\/tr\/index.php?rest_route=%2Fwp%2Fv2%2Fcategories&post=311492"},{"taxonomy":"post_tag","embeddable":true,"href":"https:\/\/archive.sana.sy\/tr\/index.php?rest_route=%2Fwp%2Fv2%2Ftags&post=311492"}],"curies":[{"name":"wp","href":"https:\/\/api.w.org\/{rel}","templated":true}]}}