{"id":311541,"date":"2024-11-14T06:14:53","date_gmt":"2024-11-14T03:14:53","guid":{"rendered":"https:\/\/sana.sy\/tr\/?p=311541"},"modified":"2024-11-14T19:17:13","modified_gmt":"2024-11-14T16:17:13","slug":"borrell-gazzede-devam-eden-katliamlar-nedeniyle-ab-ile-israil-arasindaki-siyasi-diyalogun-askiya-alinmasini-onerdi","status":"publish","type":"post","link":"https:\/\/archive.sana.sy\/tr\/?p=311541","title":{"rendered":"Borrell, Gazze&#8217;de Devam Eden Katliamlar Nedeniyle AB \u0130le \u0130srail Aras\u0131ndaki Siyasi Diyalo\u011fun Ask\u0131ya Al\u0131nmas\u0131n\u0131 \u00d6nerdi"},"content":{"rendered":"<p style=\"text-align: justify;\"><strong>BR\u00dcKSEL (SANA)<\/strong> &#8211; \u00a0Avrupa Birli\u011fi d\u0131\u015f politika yetkilisi Josep Borrell, yirmi yedi \u00fcye \u00fclkeye, Gazze \u015eeridi&#8217;nde Filistinlilere kar\u015f\u0131 devam eden katliamlar \u0131\u015f\u0131\u011f\u0131nda blok ile \u0130srail varl\u0131\u011f\u0131 aras\u0131ndaki mevcut siyasi diyalo\u011fu ask\u0131ya almalar\u0131n\u0131 \u00f6nerdi.<\/p>\n<p style=\"text-align: justify;\">Diplomatik kaynaklar Agence France-Presse&#8217;ye \u015funlar\u0131 s\u00f6yledi: &#8220;Borrell bu \u00f6neriyi \u00f6n\u00fcm\u00fczdeki Pazartesi Br\u00fcksel&#8217;de yap\u0131lmas\u0131 planlanan Avrupa Birli\u011fi d\u0131\u015fi\u015fleri bakanlar\u0131 toplant\u0131s\u0131 \u00f6ncesinde sundu.&#8221;<\/p>\n<p style=\"text-align: justify;\">\u00a0Kaynaklar ayr\u0131ca, Borrell\u2019in Birli\u011fe \u00fcye \u00fclkelerin delegelerine da\u011f\u0131tt\u0131\u011f\u0131na dikkat \u00e7ekti.<\/p>\n<p style=\"text-align: center;\"><strong><a href=\"https:\/\/t.me\/SuriyeArapHaberAjansI\">Telegram Kanal\u0131m\u0131z\u00a0<\/a>||<a href=\"https:\/\/twitter.com\/arap_ajans\">X Platformumuz\u00a0<\/a>||<a href=\"https:\/\/www.facebook.com\/SANAHaberAjansi\/\">Facebook Sayfam\u0131z<\/a><\/strong><\/p>\n","protected":false},"excerpt":{"rendered":"<p>BR\u00dcKSEL (SANA) &#8211; \u00a0Avrupa Birli\u011fi d\u0131\u015f politika yetkilisi Josep Borrell, yirmi yedi \u00fcye \u00fclkeye, Gazze \u015eeridi&#8217;nde Filistinlilere kar\u015f\u0131 devam eden katliamlar \u0131\u015f\u0131\u011f\u0131nda blok ile \u0130srail varl\u0131\u011f\u0131 aras\u0131ndaki mevcut siyasi diyalo\u011fu ask\u0131ya almalar\u0131n\u0131 \u00f6nerdi. Diplomatik kaynaklar Agence France-Presse&#8217;ye \u015funlar\u0131 s\u00f6yledi: &#8220;Borrell bu \u00f6neriyi \u00f6n\u00fcm\u00fczdeki Pazartesi Br\u00fcksel&#8217;de yap\u0131lmas\u0131 planlanan Avrupa Birli\u011fi d\u0131\u015fi\u015fleri bakanlar\u0131 toplant\u0131s\u0131 \u00f6ncesinde sundu.&#8221; \u00a0Kaynaklar &hellip;<\/p>\n","protected":false},"author":44,"featured_media":311542,"comment_status":"closed","ping_status":"closed","sticky":false,"template":"","format":"standard","meta":{"footnotes":""},"categories":[458,589,459,17988],"tags":[42887,42888],"class_list":["post-311541","post","type-post","status-publish","format-standard","has-post-thumbnail","","category-dunya1","category-haber-seridi","category-haberler-arap-uluslararasi-politika","category-son-haberler","tag-borrell","tag-gazzede-devam-eden-katliamlar-nedeniyle-ab-ile-israil-arasindaki-siyasi-diyalogun-askiya-alinmasini-onerdi"],"_links":{"self":[{"href":"https:\/\/archive.sana.sy\/tr\/index.php?rest_route=\/wp\/v2\/posts\/311541","targetHints":{"allow":["GET"]}}],"collection":[{"href":"https:\/\/archive.sana.sy\/tr\/index.php?rest_route=\/wp\/v2\/posts"}],"about":[{"href":"https:\/\/archive.sana.sy\/tr\/index.php?rest_route=\/wp\/v2\/types\/post"}],"author":[{"embeddable":true,"href":"https:\/\/archive.sana.sy\/tr\/index.php?rest_route=\/wp\/v2\/users\/44"}],"replies":[{"embeddable":true,"href":"https:\/\/archive.sana.sy\/tr\/index.php?rest_route=%2Fwp%2Fv2%2Fcomments&post=311541"}],"version-history":[{"count":1,"href":"https:\/\/archive.sana.sy\/tr\/index.php?rest_route=\/wp\/v2\/posts\/311541\/revisions"}],"predecessor-version":[{"id":311543,"href":"https:\/\/archive.sana.sy\/tr\/index.php?rest_route=\/wp\/v2\/posts\/311541\/revisions\/311543"}],"wp:featuredmedia":[{"embeddable":true,"href":"https:\/\/archive.sana.sy\/tr\/index.php?rest_route=\/wp\/v2\/media\/311542"}],"wp:attachment":[{"href":"https:\/\/archive.sana.sy\/tr\/index.php?rest_route=%2Fwp%2Fv2%2Fmedia&parent=311541"}],"wp:term":[{"taxonomy":"category","embeddable":true,"href":"https:\/\/archive.sana.sy\/tr\/index.php?rest_route=%2Fwp%2Fv2%2Fcategories&post=311541"},{"taxonomy":"post_tag","embeddable":true,"href":"https:\/\/archive.sana.sy\/tr\/index.php?rest_route=%2Fwp%2Fv2%2Ftags&post=311541"}],"curies":[{"name":"wp","href":"https:\/\/api.w.org\/{rel}","templated":true}]}}