{"id":311546,"date":"2024-11-15T09:32:17","date_gmt":"2024-11-15T06:32:17","guid":{"rendered":"https:\/\/sana.sy\/tr\/?p=311546"},"modified":"2024-11-15T15:51:03","modified_gmt":"2024-11-15T12:51:03","slug":"israil-savas-ucaklari-beyrutun-guney-banliyosundeki-ghobeiry-bolgesine-baskin-duzenledi","status":"publish","type":"post","link":"https:\/\/archive.sana.sy\/tr\/?p=311546","title":{"rendered":"\u0130srail Sava\u015f U\u00e7aklar\u0131 Beyrut&#8217;un G\u00fcney Banliy\u00f6s\u00fcndeki Gubeyri B\u00f6lgesine Sald\u0131rganl\u0131k D\u00fczenledi"},"content":{"rendered":"<p style=\"text-align: justify;\"><strong><span style=\"color: #800000;\">BEYRUT (SANA)<\/span> &#8211; <\/strong>\u0130srail sava\u015f u\u00e7aklar\u0131 bu sabah, Beyrut&#8217;un g\u00fcney banliy\u00f6s\u00fcndeki Gubeyri b\u00f6lgesindeki konut binalar\u0131n\u0131 hedef alan en az iki sald\u0131rganl\u0131k d\u00fczenledi.<\/p>\n<p style=\"text-align: justify;\">L\u00fcbnan medyas\u0131, \u0130srail ordusunun b\u00f6lgedeki baz\u0131 binalar\u0131 bombalama tehdidinde bulundu\u011funu, ard\u0131ndan bu tehditlerin ard\u0131ndan k\u0131sa bir s\u00fcre sonra bu binalar\u0131n hedef al\u0131nd\u0131\u011f\u0131n\u0131 belirtti.<\/p>\n<p style=\"text-align: center;\"><strong><a href=\"https:\/\/t.me\/SuriyeArapHaberAjansI\">Telegram Kanal\u0131m\u0131z\u00a0<\/a><span style=\"color: #ff0000;\">||<\/span><a href=\"https:\/\/twitter.com\/arap_ajans\">X Platformumuz\u00a0<\/a><span style=\"color: #ff0000;\">||<\/span><a href=\"https:\/\/www.facebook.com\/SANAHaberAjansi\/\">Facebook Sayfam\u0131z<\/a><\/strong><\/p>\n","protected":false},"excerpt":{"rendered":"<p>BEYRUT (SANA) &#8211; \u0130srail sava\u015f u\u00e7aklar\u0131 bu sabah, Beyrut&#8217;un g\u00fcney banliy\u00f6s\u00fcndeki Gubeyri b\u00f6lgesindeki konut binalar\u0131n\u0131 hedef alan en az iki sald\u0131rganl\u0131k d\u00fczenledi. L\u00fcbnan medyas\u0131, \u0130srail ordusunun b\u00f6lgedeki baz\u0131 binalar\u0131 bombalama tehdidinde bulundu\u011funu, ard\u0131ndan bu tehditlerin ard\u0131ndan k\u0131sa bir s\u00fcre sonra bu binalar\u0131n hedef al\u0131nd\u0131\u011f\u0131n\u0131 belirtti. Telegram Kanal\u0131m\u0131z\u00a0||X Platformumuz\u00a0||Facebook Sayfam\u0131z<\/p>\n","protected":false},"author":36,"featured_media":311547,"comment_status":"closed","ping_status":"closed","sticky":false,"template":"","format":"standard","meta":{"footnotes":""},"categories":[458,589,459,17988],"tags":[],"class_list":["post-311546","post","type-post","status-publish","format-standard","has-post-thumbnail","","category-dunya1","category-haber-seridi","category-haberler-arap-uluslararasi-politika","category-son-haberler"],"_links":{"self":[{"href":"https:\/\/archive.sana.sy\/tr\/index.php?rest_route=\/wp\/v2\/posts\/311546","targetHints":{"allow":["GET"]}}],"collection":[{"href":"https:\/\/archive.sana.sy\/tr\/index.php?rest_route=\/wp\/v2\/posts"}],"about":[{"href":"https:\/\/archive.sana.sy\/tr\/index.php?rest_route=\/wp\/v2\/types\/post"}],"author":[{"embeddable":true,"href":"https:\/\/archive.sana.sy\/tr\/index.php?rest_route=\/wp\/v2\/users\/36"}],"replies":[{"embeddable":true,"href":"https:\/\/archive.sana.sy\/tr\/index.php?rest_route=%2Fwp%2Fv2%2Fcomments&post=311546"}],"version-history":[{"count":3,"href":"https:\/\/archive.sana.sy\/tr\/index.php?rest_route=\/wp\/v2\/posts\/311546\/revisions"}],"predecessor-version":[{"id":311555,"href":"https:\/\/archive.sana.sy\/tr\/index.php?rest_route=\/wp\/v2\/posts\/311546\/revisions\/311555"}],"wp:featuredmedia":[{"embeddable":true,"href":"https:\/\/archive.sana.sy\/tr\/index.php?rest_route=\/wp\/v2\/media\/311547"}],"wp:attachment":[{"href":"https:\/\/archive.sana.sy\/tr\/index.php?rest_route=%2Fwp%2Fv2%2Fmedia&parent=311546"}],"wp:term":[{"taxonomy":"category","embeddable":true,"href":"https:\/\/archive.sana.sy\/tr\/index.php?rest_route=%2Fwp%2Fv2%2Fcategories&post=311546"},{"taxonomy":"post_tag","embeddable":true,"href":"https:\/\/archive.sana.sy\/tr\/index.php?rest_route=%2Fwp%2Fv2%2Ftags&post=311546"}],"curies":[{"name":"wp","href":"https:\/\/api.w.org\/{rel}","templated":true}]}}