{"id":311679,"date":"2024-11-18T10:32:02","date_gmt":"2024-11-18T07:32:02","guid":{"rendered":"https:\/\/sana.sy\/tr\/?p=311679"},"modified":"2024-11-18T10:32:02","modified_gmt":"2024-11-18T07:32:02","slug":"lubnan-direnisi-kiryat-smona-yerlesiminde-dusman-israili-fuzelerle-hedef-aldi","status":"publish","type":"post","link":"https:\/\/archive.sana.sy\/tr\/?p=311679","title":{"rendered":"L\u00fcbnan Direni\u015fi Kiryat \u015emona Yerle\u015fiminde D\u00fc\u015fman \u0130srail&#8217;i F\u00fczelerle Hedef Ald\u0131"},"content":{"rendered":"<p>BEYRUT (SANA) \u2013 L\u00fcbnan direni\u015fi, i\u015fgal edilen Filistin&#8217;in kuzeyindeki Kiryat \u015emona yerle\u015fimindeki \u0130srail d\u00fc\u015fman askerlerini hedef ald\u0131\u011f\u0131n\u0131 duyurdu.<\/p>\n<p>Direni\u015f, yapt\u0131\u011f\u0131 a\u00e7\u0131klamada, \u201cGazze \u015eeridi\u2019ndeki kararl\u0131 Filistin halk\u0131m\u0131z\u0131 ve onlar\u0131n cesur ve onurlu direni\u015fini desteklemek ve L\u00fcbnan ve halk\u0131n\u0131 savunmak i\u00e7in, direni\u015f sava\u015f\u00e7\u0131lar\u0131 d\u00fcn gece Kiryat \u015emona yerle\u015fiminde toplanan \u0130srail d\u00fc\u015fman g\u00fc\u00e7lerini f\u00fczeyle hedef ald\u0131&#8221; dedi.<\/p>\n<p style=\"text-align: center;\"><strong><a href=\"https:\/\/t.me\/SuriyeArapHaberAjansI\">Telegram Kanal\u0131m\u0131z\u00a0<\/a>||<a href=\"https:\/\/twitter.com\/arap_ajans\">X Platformumuz\u00a0<\/a>||<a href=\"https:\/\/www.facebook.com\/SANAHaberAjansi\/\">Facebook Sayfam\u0131z<\/a><\/strong><\/p>\n","protected":false},"excerpt":{"rendered":"<p>BEYRUT (SANA) \u2013 L\u00fcbnan direni\u015fi, i\u015fgal edilen Filistin&#8217;in kuzeyindeki Kiryat \u015emona yerle\u015fimindeki \u0130srail d\u00fc\u015fman askerlerini hedef ald\u0131\u011f\u0131n\u0131 duyurdu. Direni\u015f, yapt\u0131\u011f\u0131 a\u00e7\u0131klamada, \u201cGazze \u015eeridi\u2019ndeki kararl\u0131 Filistin halk\u0131m\u0131z\u0131 ve onlar\u0131n cesur ve onurlu direni\u015fini desteklemek ve L\u00fcbnan ve halk\u0131n\u0131 savunmak i\u00e7in, direni\u015f sava\u015f\u00e7\u0131lar\u0131 d\u00fcn gece Kiryat \u015emona yerle\u015fiminde toplanan \u0130srail d\u00fc\u015fman g\u00fc\u00e7lerini f\u00fczeyle hedef ald\u0131&#8221; dedi. Telegram &hellip;<\/p>\n","protected":false},"author":39,"featured_media":311680,"comment_status":"closed","ping_status":"closed","sticky":false,"template":"","format":"standard","meta":{"footnotes":""},"categories":[458,589,459,17988],"tags":[],"class_list":["post-311679","post","type-post","status-publish","format-standard","has-post-thumbnail","","category-dunya1","category-haber-seridi","category-haberler-arap-uluslararasi-politika","category-son-haberler"],"_links":{"self":[{"href":"https:\/\/archive.sana.sy\/tr\/index.php?rest_route=\/wp\/v2\/posts\/311679","targetHints":{"allow":["GET"]}}],"collection":[{"href":"https:\/\/archive.sana.sy\/tr\/index.php?rest_route=\/wp\/v2\/posts"}],"about":[{"href":"https:\/\/archive.sana.sy\/tr\/index.php?rest_route=\/wp\/v2\/types\/post"}],"author":[{"embeddable":true,"href":"https:\/\/archive.sana.sy\/tr\/index.php?rest_route=\/wp\/v2\/users\/39"}],"replies":[{"embeddable":true,"href":"https:\/\/archive.sana.sy\/tr\/index.php?rest_route=%2Fwp%2Fv2%2Fcomments&post=311679"}],"version-history":[{"count":1,"href":"https:\/\/archive.sana.sy\/tr\/index.php?rest_route=\/wp\/v2\/posts\/311679\/revisions"}],"predecessor-version":[{"id":311681,"href":"https:\/\/archive.sana.sy\/tr\/index.php?rest_route=\/wp\/v2\/posts\/311679\/revisions\/311681"}],"wp:featuredmedia":[{"embeddable":true,"href":"https:\/\/archive.sana.sy\/tr\/index.php?rest_route=\/wp\/v2\/media\/311680"}],"wp:attachment":[{"href":"https:\/\/archive.sana.sy\/tr\/index.php?rest_route=%2Fwp%2Fv2%2Fmedia&parent=311679"}],"wp:term":[{"taxonomy":"category","embeddable":true,"href":"https:\/\/archive.sana.sy\/tr\/index.php?rest_route=%2Fwp%2Fv2%2Fcategories&post=311679"},{"taxonomy":"post_tag","embeddable":true,"href":"https:\/\/archive.sana.sy\/tr\/index.php?rest_route=%2Fwp%2Fv2%2Ftags&post=311679"}],"curies":[{"name":"wp","href":"https:\/\/api.w.org\/{rel}","templated":true}]}}