{"id":311710,"date":"2024-11-18T16:12:33","date_gmt":"2024-11-18T13:12:33","guid":{"rendered":"https:\/\/sana.sy\/tr\/?p=311710"},"modified":"2024-11-18T16:14:40","modified_gmt":"2024-11-18T13:14:40","slug":"bekai-iran-israil-saldirganliklarina-karsi-suriye-ve-lubnana-guclu-destegini-surdurecek","status":"publish","type":"post","link":"https:\/\/archive.sana.sy\/tr\/?p=311710","title":{"rendered":"Bekai: \u0130ran, \u0130srail Sald\u0131rganl\u0131klar\u0131na Kar\u015f\u0131 Suriye Ve L\u00fcbnan&#8217;a G\u00fc\u00e7l\u00fc Deste\u011fini S\u00fcrd\u00fcrecek"},"content":{"rendered":"<p style=\"text-align: justify;\"><span style=\"color: #800000;\"><strong>TAHRAN (SANA)<\/strong> <\/span>&#8211; \u00a0\u0130ran D\u0131\u015fi\u015fleri Bakanl\u0131\u011f\u0131 s\u00f6zc\u00fcs\u00fc \u0130smail Bekai, \u0130srail saldirganliklari kar\u015f\u0131s\u0131nda \u0130ran&#8217;\u0131n Suriye ve L\u00fcbnan&#8217;a g\u00fc\u00e7l\u00fc deste\u011fini s\u00fcrd\u00fcrece\u011fini vurgulad\u0131.<\/p>\n<p style=\"text-align: justify;\">Bekai bug\u00fcn haftal\u0131k bas\u0131n toplant\u0131s\u0131nda \u015funlar\u0131 s\u00f6yledi: &#8220;B\u00f6lgedeki ciddi Siyonist su\u00e7lar\u0131n kapsam\u0131n\u0131n geni\u015flemesine katk\u0131da bulunan fakt\u00f6rlerden biri de Bat\u0131 deste\u011finden kaynaklanan cezas\u0131zl\u0131k duygusudur.&#8221;<\/p>\n<p style=\"text-align: justify;\">Bekai ayr\u0131ca, &#8220;\u0130\u015flenen menfur su\u00e7lara ve soyk\u0131r\u0131ma ra\u011fmen, ABD&#8217;nin Uluslararas\u0131 Adalet Divan\u0131 ve Uluslararas\u0131 Ceza Mahkemesi&#8217;nde adaletin uygulanmas\u0131n\u0131 engellemesi nedeniyle Siyonist varl\u0131\u011f\u0131n su\u00e7lar\u0131n\u0131 nas\u0131l s\u00fcrd\u00fcrd\u00fc\u011f\u00fcne d\u00fcnya tan\u0131k oldu&#8221; ifadelerini s\u00f6zlerine ekledi.<\/p>\n<p style=\"text-align: center;\"><strong><a href=\"https:\/\/t.me\/SuriyeArapHaberAjansI\">Telegram Kanal\u0131m\u0131z\u00a0<\/a><span style=\"color: #ff0000;\">||<\/span><a href=\"https:\/\/twitter.com\/arap_ajans\">X Platformumuz\u00a0<\/a><span style=\"color: #ff0000;\">||<\/span><a href=\"https:\/\/www.facebook.com\/SANAHaberAjansi\/\">Facebook Sayfam\u0131z<\/a><\/strong><\/p>\n","protected":false},"excerpt":{"rendered":"<p>TAHRAN (SANA) &#8211; \u00a0\u0130ran D\u0131\u015fi\u015fleri Bakanl\u0131\u011f\u0131 s\u00f6zc\u00fcs\u00fc \u0130smail Bekai, \u0130srail saldirganliklari kar\u015f\u0131s\u0131nda \u0130ran&#8217;\u0131n Suriye ve L\u00fcbnan&#8217;a g\u00fc\u00e7l\u00fc deste\u011fini s\u00fcrd\u00fcrece\u011fini vurgulad\u0131. Bekai bug\u00fcn haftal\u0131k bas\u0131n toplant\u0131s\u0131nda \u015funlar\u0131 s\u00f6yledi: &#8220;B\u00f6lgedeki ciddi Siyonist su\u00e7lar\u0131n kapsam\u0131n\u0131n geni\u015flemesine katk\u0131da bulunan fakt\u00f6rlerden biri de Bat\u0131 deste\u011finden kaynaklanan cezas\u0131zl\u0131k duygusudur.&#8221; Bekai ayr\u0131ca, &#8220;\u0130\u015flenen menfur su\u00e7lara ve soyk\u0131r\u0131ma ra\u011fmen, ABD&#8217;nin Uluslararas\u0131 Adalet Divan\u0131 &hellip;<\/p>\n","protected":false},"author":41,"featured_media":311711,"comment_status":"closed","ping_status":"closed","sticky":false,"template":"","format":"standard","meta":{"footnotes":""},"categories":[458,589,459,17988],"tags":[],"class_list":["post-311710","post","type-post","status-publish","format-standard","has-post-thumbnail","","category-dunya1","category-haber-seridi","category-haberler-arap-uluslararasi-politika","category-son-haberler"],"_links":{"self":[{"href":"https:\/\/archive.sana.sy\/tr\/index.php?rest_route=\/wp\/v2\/posts\/311710","targetHints":{"allow":["GET"]}}],"collection":[{"href":"https:\/\/archive.sana.sy\/tr\/index.php?rest_route=\/wp\/v2\/posts"}],"about":[{"href":"https:\/\/archive.sana.sy\/tr\/index.php?rest_route=\/wp\/v2\/types\/post"}],"author":[{"embeddable":true,"href":"https:\/\/archive.sana.sy\/tr\/index.php?rest_route=\/wp\/v2\/users\/41"}],"replies":[{"embeddable":true,"href":"https:\/\/archive.sana.sy\/tr\/index.php?rest_route=%2Fwp%2Fv2%2Fcomments&post=311710"}],"version-history":[{"count":1,"href":"https:\/\/archive.sana.sy\/tr\/index.php?rest_route=\/wp\/v2\/posts\/311710\/revisions"}],"predecessor-version":[{"id":311712,"href":"https:\/\/archive.sana.sy\/tr\/index.php?rest_route=\/wp\/v2\/posts\/311710\/revisions\/311712"}],"wp:featuredmedia":[{"embeddable":true,"href":"https:\/\/archive.sana.sy\/tr\/index.php?rest_route=\/wp\/v2\/media\/311711"}],"wp:attachment":[{"href":"https:\/\/archive.sana.sy\/tr\/index.php?rest_route=%2Fwp%2Fv2%2Fmedia&parent=311710"}],"wp:term":[{"taxonomy":"category","embeddable":true,"href":"https:\/\/archive.sana.sy\/tr\/index.php?rest_route=%2Fwp%2Fv2%2Fcategories&post=311710"},{"taxonomy":"post_tag","embeddable":true,"href":"https:\/\/archive.sana.sy\/tr\/index.php?rest_route=%2Fwp%2Fv2%2Ftags&post=311710"}],"curies":[{"name":"wp","href":"https:\/\/api.w.org\/{rel}","templated":true}]}}