{"id":31179,"date":"2015-04-28T10:46:49","date_gmt":"2015-04-28T07:46:49","guid":{"rendered":"http:\/\/www.sana.sy\/tr\/?p=31179"},"modified":"2015-04-28T12:26:39","modified_gmt":"2015-04-28T09:26:39","slug":"suriye-ve-rusya-teror-dahil-tehlikeli-suclarla-mucadele-isbirligi-ittifaki-imzaladi","status":"publish","type":"post","link":"https:\/\/archive.sana.sy\/tr\/?p=31179","title":{"rendered":"Suriye ve Rusya Ter\u00f6r Dahil Tehlikeli Su\u00e7larla M\u00fccadele \u0130\u015fbirli\u011fi \u0130ttifak\u0131 \u0130mzalad\u0131"},"content":{"rendered":"<p>MOSKOVA \u2013 \u0130\u00e7i\u015fleri Bakan\u0131 Muhammed el \u015eaar Rus Mevkida\u015f\u0131 Viladimir Kolokotsiv Moskova\u2019da d\u00fcn Suriye ve Rusya \u0130\u00e7i\u015fleri Bakanl\u0131klar\u0131 aras\u0131nda, ter\u00f6r, sebeplerinin ve kaynaklar\u0131n\u0131n kald\u0131r\u0131lmas\u0131n\u0131n da aralar\u0131nda bulundu\u011fu tehlikeli su\u00e7larla m\u00fccadeleye y\u00f6nelik \u00e7aba ve g\u00fc\u00e7lerin yo\u011funla\u015ft\u0131r\u0131lmas\u0131n\u0131 hedefleyen i\u015fbirli\u011fi ittifak\u0131na imza att\u0131.<\/p>\n<p><a href=\"http:\/\/www.sana.sy\/tr\/wp-content\/uploads\/2015\/04\/Rusya-Suriye-\u0130ttifak-\u0130mza-1.jpg\"><img loading=\"lazy\" decoding=\"async\" class=\"alignright size-medium wp-image-31181\" src=\"http:\/\/www.sana.sy\/tr\/wp-content\/uploads\/2015\/04\/Rusya-Suriye-\u0130ttifak-\u0130mza-1-300x160.jpg\" alt=\"Rusya Suriye \u0130ttifak \u0130mza 1\" width=\"300\" height=\"160\" srcset=\"https:\/\/archive.sana.sy\/tr\/wp-content\/uploads\/2015\/04\/Rusya-Suriye-\u0130ttifak-\u0130mza-1-300x160.jpg 300w, https:\/\/archive.sana.sy\/tr\/wp-content\/uploads\/2015\/04\/Rusya-Suriye-\u0130ttifak-\u0130mza-1-150x80.jpg 150w, https:\/\/archive.sana.sy\/tr\/wp-content\/uploads\/2015\/04\/Rusya-Suriye-\u0130ttifak-\u0130mza-1.jpg 620w\" sizes=\"auto, (max-width: 300px) 100vw, 300px\" \/><\/a>SANA\u2019ya a\u00e7\u0131klamas\u0131nda Kolokotsiv, ittifak\u0131n aram\u0131zdaki i\u015fbirli\u011finin uzun y\u0131llar ileriye d\u00f6n\u00fck geli\u015ftirilmesi a\u00e7\u0131s\u0131ndan \u00e7ok b\u00fcy\u00fck \u00f6neme sahip oldu\u011funu s\u00f6yledi.<\/p>\n<p>Kolokotsiv, s\u00f6z konusu ittifakta en \u00f6nemli i\u00e7eri\u011fin, \u00e7aba ve g\u00fc\u00e7lerin tehlikeli su\u00e7larla m\u00fccadele oldu\u011funu bunun i\u00e7erisinde ter\u00f6r\u00fcn de bulundu\u011funu \u00e7\u00fcnk\u00fc, b\u00fct\u00fcn herkesi bulan \u015fer oldu\u011funu dile getirdi.<\/p>\n<p>Rusya \u0130\u00e7i\u015fleri Bakan\u0131, Rusya-Suriye ili\u015fkilerinin dinamik bir \u015fekilde geli\u015fti\u011fini, bu ittifak\u0131n imzalanmas\u0131n\u0131n her iki tarafa kar\u015f\u0131l\u0131kl\u0131 ili\u015fkileri geli\u015ftirme yolunda iyi bir yasal kaide sundu\u011funu dile getirdi.<\/p>\n<p><a href=\"http:\/\/www.sana.sy\/tr\/wp-content\/uploads\/2015\/04\/Rusya-Suriye-\u0130ttifak-\u0130mza-2.jpg\"><img loading=\"lazy\" decoding=\"async\" class=\"alignright size-medium wp-image-31182\" src=\"http:\/\/www.sana.sy\/tr\/wp-content\/uploads\/2015\/04\/Rusya-Suriye-\u0130ttifak-\u0130mza-2-300x160.jpg\" alt=\"Rusya Suriye \u0130ttifak \u0130mza 2\" width=\"300\" height=\"160\" srcset=\"https:\/\/archive.sana.sy\/tr\/wp-content\/uploads\/2015\/04\/Rusya-Suriye-\u0130ttifak-\u0130mza-2-300x160.jpg 300w, https:\/\/archive.sana.sy\/tr\/wp-content\/uploads\/2015\/04\/Rusya-Suriye-\u0130ttifak-\u0130mza-2-150x80.jpg 150w, https:\/\/archive.sana.sy\/tr\/wp-content\/uploads\/2015\/04\/Rusya-Suriye-\u0130ttifak-\u0130mza-2.jpg 620w\" sizes=\"auto, (max-width: 300px) 100vw, 300px\" \/><\/a>Kendi y\u00f6n\u00fcnden e\u015f \u015eaar, Rus dostlar\u0131m\u0131zla i\u015fbirli\u011fi ili\u015fkilerinin b\u00fct\u00fcn alanlarda son derece geli\u015fti\u011fini lakin bu ittifak\u0131n, her iki \u00fclke \u0130\u00e7i\u015fleri Bakanl\u0131klar\u0131 aras\u0131nda ter\u00f6r, sebeplerinin ve kaynaklar\u0131n\u0131n kald\u0131r\u0131lmas\u0131n\u0131n da aralar\u0131nda bulundu\u011fu tehlikeli su\u00e7larla m\u00fccadele ve her iki \u00fclke dahilinde uygulanan di\u011fer su\u00e7lar alan\u0131nda \u00e7aba ve g\u00fc\u00e7lerin yo\u011funla\u015ft\u0131r\u0131lmas\u0131nda daha fazla aktif i\u015fbirli\u011finin mekanizmalar\u0131n\u0131 peki\u015ftirmeyi ama\u00e7lad\u0131\u011f\u0131n\u0131 s\u00f6yledi.<\/p>\n<p>El \u015eaar, temelde var olan i\u015fbirli\u011fi ili\u015fkilerini peki\u015ftirmek, aktif ve yasal bir \u015fekilde uygulanmas\u0131 i\u00e7in yeni mekanizmalar koyaca\u011f\u0131na i\u015faret etti.<\/p>\n<p>\u0130ttifak\u0131 imzalama t\u00f6renine Suriye ve Rusya heyetleriyle Suriye\u2019nin Rusya B\u00fcy\u00fckel\u00e7isi Riyad Haddad kat\u0131ld\u0131.<\/p>\n<p>S.\u015e<\/p>\n","protected":false},"excerpt":{"rendered":"<p>MOSKOVA \u2013 \u0130\u00e7i\u015fleri Bakan\u0131 Muhammed el \u015eaar Rus Mevkida\u015f\u0131 Viladimir Kolokotsiv Moskova\u2019da d\u00fcn Suriye ve Rusya \u0130\u00e7i\u015fleri Bakanl\u0131klar\u0131 aras\u0131nda, ter\u00f6r, sebeplerinin ve kaynaklar\u0131n\u0131n kald\u0131r\u0131lmas\u0131n\u0131n da aralar\u0131nda bulundu\u011fu tehlikeli su\u00e7larla m\u00fccadeleye y\u00f6nelik \u00e7aba ve g\u00fc\u00e7lerin yo\u011funla\u015ft\u0131r\u0131lmas\u0131n\u0131 hedefleyen i\u015fbirli\u011fi ittifak\u0131na imza att\u0131. SANA\u2019ya a\u00e7\u0131klamas\u0131nda Kolokotsiv, ittifak\u0131n aram\u0131zdaki i\u015fbirli\u011finin uzun y\u0131llar ileriye d\u00f6n\u00fck geli\u015ftirilmesi a\u00e7\u0131s\u0131ndan \u00e7ok b\u00fcy\u00fck \u00f6neme &hellip;<\/p>\n","protected":false},"author":1,"featured_media":31180,"comment_status":"closed","ping_status":"closed","sticky":false,"template":"","format":"standard","meta":{"footnotes":""},"categories":[458,459,447],"tags":[14131],"class_list":["post-31179","post","type-post","status-publish","format-standard","has-post-thumbnail","","category-dunya1","category-haberler-arap-uluslararasi-politika","category-politika","tag-suriye-ve-rusya-teror-dahil-tehlikeli-suclarla-mucadele-isbirligi-ittifaki-imzaladi"],"_links":{"self":[{"href":"https:\/\/archive.sana.sy\/tr\/index.php?rest_route=\/wp\/v2\/posts\/31179","targetHints":{"allow":["GET"]}}],"collection":[{"href":"https:\/\/archive.sana.sy\/tr\/index.php?rest_route=\/wp\/v2\/posts"}],"about":[{"href":"https:\/\/archive.sana.sy\/tr\/index.php?rest_route=\/wp\/v2\/types\/post"}],"author":[{"embeddable":true,"href":"https:\/\/archive.sana.sy\/tr\/index.php?rest_route=\/wp\/v2\/users\/1"}],"replies":[{"embeddable":true,"href":"https:\/\/archive.sana.sy\/tr\/index.php?rest_route=%2Fwp%2Fv2%2Fcomments&post=31179"}],"version-history":[{"count":0,"href":"https:\/\/archive.sana.sy\/tr\/index.php?rest_route=\/wp\/v2\/posts\/31179\/revisions"}],"wp:featuredmedia":[{"embeddable":true,"href":"https:\/\/archive.sana.sy\/tr\/index.php?rest_route=\/wp\/v2\/media\/31180"}],"wp:attachment":[{"href":"https:\/\/archive.sana.sy\/tr\/index.php?rest_route=%2Fwp%2Fv2%2Fmedia&parent=31179"}],"wp:term":[{"taxonomy":"category","embeddable":true,"href":"https:\/\/archive.sana.sy\/tr\/index.php?rest_route=%2Fwp%2Fv2%2Fcategories&post=31179"},{"taxonomy":"post_tag","embeddable":true,"href":"https:\/\/archive.sana.sy\/tr\/index.php?rest_route=%2Fwp%2Fv2%2Ftags&post=31179"}],"curies":[{"name":"wp","href":"https:\/\/api.w.org\/{rel}","templated":true}]}}