{"id":311803,"date":"2024-11-20T12:21:01","date_gmt":"2024-11-20T09:21:01","guid":{"rendered":"https:\/\/sana.sy\/tr\/?p=311803"},"modified":"2024-11-20T16:10:25","modified_gmt":"2024-11-20T13:10:25","slug":"israilin-dusman-hava-saldirilari-sonucu-lubnanli-bir-asker-ve-bes-sivil-sehit-dustu","status":"publish","type":"post","link":"https:\/\/archive.sana.sy\/tr\/?p=311803","title":{"rendered":"\u0130srail&#8217;in D\u00fc\u015fman Hava Sald\u0131rganl\u0131klar\u0131 Sonucu L\u00fcbnanl\u0131 Bir Asker ve Be\u015f Sivil \u015eehit D\u00fc\u015ft\u00fc"},"content":{"rendered":"<p style=\"text-align: justify;\"><span style=\"color: #800000;\"><strong>BEYRUT (SANA)<\/strong> <\/span>&#8211; Ge\u00e7ti\u011fimiz saatlerde \u0130srail d\u00fc\u015fman u\u00e7aklar\u0131n\u0131n L\u00fcbnan&#8217;\u0131n \u00e7e\u015fitli b\u00f6lgelerine d\u00fczenledi\u011fi sald\u0131rganl\u0131klarda L\u00fcbnanl\u0131 bir asker ve 5 sivil \u015fehit oldu.<\/p>\n<p style=\"text-align: justify;\">L\u00fcbnan Ulusal Haber Ajans\u0131, L\u00fcbnan ordusunun yapt\u0131\u011f\u0131 a\u00e7\u0131klamada, &#8220;\u0130srail&#8217;in d\u00fc\u015fman \u0130HA&#8217;lar\u0131, g\u00fcneydeki Kalaia&#8217;daki Burc El Muluk yolunda bir ordu arac\u0131n\u0131 hedef ald\u0131; bu, bir askerin \u015fehit olmas\u0131na ve di\u011ferlerinin de orta derecede yaralanmas\u0131na yol a\u00e7t\u0131&#8221; dedi.<\/p>\n<p style=\"text-align: justify;\">D\u00fc\u015fman\u0131n Battle kasabas\u0131nda bir eve yapt\u0131\u011f\u0131 sald\u0131rganl\u0131kta 2 ki\u015fi \u015fehit d\u00fc\u015ferken, Zefta kasabas\u0131nda bir eve d\u00fczenlenen sald\u0131r\u0131da ise 3 ki\u015fi \u015fehit d\u00fc\u015ft\u00fc.<\/p>\n<p style=\"text-align: center;\"><strong><a href=\"https:\/\/t.me\/SuriyeArapHaberAjansI\">Telegram Kanal\u0131m\u0131z\u00a0<\/a>||<a href=\"https:\/\/twitter.com\/arap_ajans\">X Platformumuz\u00a0<\/a>||<a href=\"https:\/\/www.facebook.com\/SANAHaberAjansi\/\">Facebook Sayfam\u0131z<\/a><\/strong><\/p>\n","protected":false},"excerpt":{"rendered":"<p>BEYRUT (SANA) &#8211; Ge\u00e7ti\u011fimiz saatlerde \u0130srail d\u00fc\u015fman u\u00e7aklar\u0131n\u0131n L\u00fcbnan&#8217;\u0131n \u00e7e\u015fitli b\u00f6lgelerine d\u00fczenledi\u011fi sald\u0131rganl\u0131klarda L\u00fcbnanl\u0131 bir asker ve 5 sivil \u015fehit oldu. L\u00fcbnan Ulusal Haber Ajans\u0131, L\u00fcbnan ordusunun yapt\u0131\u011f\u0131 a\u00e7\u0131klamada, &#8220;\u0130srail&#8217;in d\u00fc\u015fman \u0130HA&#8217;lar\u0131, g\u00fcneydeki Kalaia&#8217;daki Burc El Muluk yolunda bir ordu arac\u0131n\u0131 hedef ald\u0131; bu, bir askerin \u015fehit olmas\u0131na ve di\u011ferlerinin de orta derecede yaralanmas\u0131na yol &hellip;<\/p>\n","protected":false},"author":36,"featured_media":311804,"comment_status":"closed","ping_status":"closed","sticky":false,"template":"","format":"standard","meta":{"footnotes":""},"categories":[458,589,459,17988],"tags":[],"class_list":["post-311803","post","type-post","status-publish","format-standard","has-post-thumbnail","","category-dunya1","category-haber-seridi","category-haberler-arap-uluslararasi-politika","category-son-haberler"],"_links":{"self":[{"href":"https:\/\/archive.sana.sy\/tr\/index.php?rest_route=\/wp\/v2\/posts\/311803","targetHints":{"allow":["GET"]}}],"collection":[{"href":"https:\/\/archive.sana.sy\/tr\/index.php?rest_route=\/wp\/v2\/posts"}],"about":[{"href":"https:\/\/archive.sana.sy\/tr\/index.php?rest_route=\/wp\/v2\/types\/post"}],"author":[{"embeddable":true,"href":"https:\/\/archive.sana.sy\/tr\/index.php?rest_route=\/wp\/v2\/users\/36"}],"replies":[{"embeddable":true,"href":"https:\/\/archive.sana.sy\/tr\/index.php?rest_route=%2Fwp%2Fv2%2Fcomments&post=311803"}],"version-history":[{"count":3,"href":"https:\/\/archive.sana.sy\/tr\/index.php?rest_route=\/wp\/v2\/posts\/311803\/revisions"}],"predecessor-version":[{"id":311811,"href":"https:\/\/archive.sana.sy\/tr\/index.php?rest_route=\/wp\/v2\/posts\/311803\/revisions\/311811"}],"wp:featuredmedia":[{"embeddable":true,"href":"https:\/\/archive.sana.sy\/tr\/index.php?rest_route=\/wp\/v2\/media\/311804"}],"wp:attachment":[{"href":"https:\/\/archive.sana.sy\/tr\/index.php?rest_route=%2Fwp%2Fv2%2Fmedia&parent=311803"}],"wp:term":[{"taxonomy":"category","embeddable":true,"href":"https:\/\/archive.sana.sy\/tr\/index.php?rest_route=%2Fwp%2Fv2%2Fcategories&post=311803"},{"taxonomy":"post_tag","embeddable":true,"href":"https:\/\/archive.sana.sy\/tr\/index.php?rest_route=%2Fwp%2Fv2%2Ftags&post=311803"}],"curies":[{"name":"wp","href":"https:\/\/api.w.org\/{rel}","templated":true}]}}