{"id":311812,"date":"2024-11-20T16:22:47","date_gmt":"2024-11-20T13:22:47","guid":{"rendered":"https:\/\/sana.sy\/tr\/?p=311812"},"modified":"2024-11-20T16:22:47","modified_gmt":"2024-11-20T13:22:47","slug":"irakci-iran-uaea-yonetim-kurulunun-yapici-olmayan-her-turlu-eylemine-yanit-verecektir","status":"publish","type":"post","link":"https:\/\/archive.sana.sy\/tr\/?p=311812","title":{"rendered":"Irak\u00e7i: \u0130ran, UAEA Y\u00f6netim Kurulu&#8217;nun Yap\u0131c\u0131 Olmayan Her T\u00fcrl\u00fc Eylemine Yan\u0131t Verecektir"},"content":{"rendered":"<p style=\"text-align: justify;\"><strong><span style=\"color: #800000;\">TAHRAN (SANA) <\/span>&#8211;<\/strong>\u00a0 \u0130ran D\u0131\u015fi\u015fleri Bakan\u0131 Abbas Irak\u00e7i, di\u011fer taraflar\u0131n \u00fclkesinin iyi niyetini ve tepkisel yakla\u015f\u0131m\u0131n\u0131 g\u00f6z ard\u0131 etmesi ve yap\u0131c\u0131 olmayan tedbirleri UAEK Y\u00f6netim Kurulu toplant\u0131s\u0131n\u0131n g\u00fcndemine koymas\u0131 halinde \u0130ran&#8217;\u0131n uygun \u015fekilde kar\u015f\u0131l\u0131k verece\u011fi konusunda uyard\u0131.<\/p>\n<p style=\"text-align: justify;\">Bu, bug\u00fcn Irak\u00e7i ile Uluslararas\u0131 Atom Enerjisi Ajans\u0131 Genel M\u00fcd\u00fcr\u00fc Rafael Grossi aras\u0131nda yap\u0131lan bir telefon g\u00f6r\u00fc\u015fmesinde geldi. G\u00f6r\u00fc\u015fme s\u0131ras\u0131nda iki taraf, \u0130ran&#8217;\u0131n Tahran ziyaretinin sonu\u00e7lar\u0131 ve Y\u00f6netim Kurulu toplant\u0131s\u0131na ili\u015fkin geli\u015fmeler \u0131\u015f\u0131\u011f\u0131nda \u0130ran ile te\u015fkilat aras\u0131ndaki etkile\u015fimleri ele ald\u0131.<\/p>\n<p style=\"text-align: justify;\">Bu \u00e7a\u011fr\u0131da iki taraf, farkl\u0131l\u0131klar\u0131n giderilmesi, g\u00fcndemdeki di\u011fer konular\u0131n ele al\u0131nmas\u0131, yap\u0131c\u0131 olmayan y\u00f6ntem ve yakla\u015f\u0131mlardan ka\u00e7\u0131n\u0131lmas\u0131 amac\u0131yla diyalog ve etkile\u015fim yoluna devam etme arzusunu teyit etti.<\/p>\n<p style=\"text-align: center;\"><strong><a href=\"https:\/\/t.me\/SuriyeArapHaberAjansI\">Telegram Kanal\u0131m\u0131z\u00a0<\/a><span style=\"color: #ff0000;\">||<\/span><a href=\"https:\/\/twitter.com\/arap_ajans\">X Platformumuz<span style=\"color: #ff0000;\">\u00a0<\/span><\/a><span style=\"color: #ff0000;\">||<\/span><a href=\"https:\/\/www.facebook.com\/SANAHaberAjansi\/\">Facebook Sayfam\u0131z<\/a><\/strong><\/p>\n","protected":false},"excerpt":{"rendered":"<p>TAHRAN (SANA) &#8211;\u00a0 \u0130ran D\u0131\u015fi\u015fleri Bakan\u0131 Abbas Irak\u00e7i, di\u011fer taraflar\u0131n \u00fclkesinin iyi niyetini ve tepkisel yakla\u015f\u0131m\u0131n\u0131 g\u00f6z ard\u0131 etmesi ve yap\u0131c\u0131 olmayan tedbirleri UAEK Y\u00f6netim Kurulu toplant\u0131s\u0131n\u0131n g\u00fcndemine koymas\u0131 halinde \u0130ran&#8217;\u0131n uygun \u015fekilde kar\u015f\u0131l\u0131k verece\u011fi konusunda uyard\u0131. Bu, bug\u00fcn Irak\u00e7i ile Uluslararas\u0131 Atom Enerjisi Ajans\u0131 Genel M\u00fcd\u00fcr\u00fc Rafael Grossi aras\u0131nda yap\u0131lan bir telefon g\u00f6r\u00fc\u015fmesinde geldi. &hellip;<\/p>\n","protected":false},"author":41,"featured_media":311814,"comment_status":"closed","ping_status":"closed","sticky":false,"template":"","format":"standard","meta":{"footnotes":""},"categories":[458,589,459,17988],"tags":[],"class_list":["post-311812","post","type-post","status-publish","format-standard","has-post-thumbnail","","category-dunya1","category-haber-seridi","category-haberler-arap-uluslararasi-politika","category-son-haberler"],"_links":{"self":[{"href":"https:\/\/archive.sana.sy\/tr\/index.php?rest_route=\/wp\/v2\/posts\/311812","targetHints":{"allow":["GET"]}}],"collection":[{"href":"https:\/\/archive.sana.sy\/tr\/index.php?rest_route=\/wp\/v2\/posts"}],"about":[{"href":"https:\/\/archive.sana.sy\/tr\/index.php?rest_route=\/wp\/v2\/types\/post"}],"author":[{"embeddable":true,"href":"https:\/\/archive.sana.sy\/tr\/index.php?rest_route=\/wp\/v2\/users\/41"}],"replies":[{"embeddable":true,"href":"https:\/\/archive.sana.sy\/tr\/index.php?rest_route=%2Fwp%2Fv2%2Fcomments&post=311812"}],"version-history":[{"count":1,"href":"https:\/\/archive.sana.sy\/tr\/index.php?rest_route=\/wp\/v2\/posts\/311812\/revisions"}],"predecessor-version":[{"id":311815,"href":"https:\/\/archive.sana.sy\/tr\/index.php?rest_route=\/wp\/v2\/posts\/311812\/revisions\/311815"}],"wp:featuredmedia":[{"embeddable":true,"href":"https:\/\/archive.sana.sy\/tr\/index.php?rest_route=\/wp\/v2\/media\/311814"}],"wp:attachment":[{"href":"https:\/\/archive.sana.sy\/tr\/index.php?rest_route=%2Fwp%2Fv2%2Fmedia&parent=311812"}],"wp:term":[{"taxonomy":"category","embeddable":true,"href":"https:\/\/archive.sana.sy\/tr\/index.php?rest_route=%2Fwp%2Fv2%2Fcategories&post=311812"},{"taxonomy":"post_tag","embeddable":true,"href":"https:\/\/archive.sana.sy\/tr\/index.php?rest_route=%2Fwp%2Fv2%2Ftags&post=311812"}],"curies":[{"name":"wp","href":"https:\/\/api.w.org\/{rel}","templated":true}]}}