{"id":311816,"date":"2024-11-20T06:23:21","date_gmt":"2024-11-20T03:23:21","guid":{"rendered":"https:\/\/sana.sy\/tr\/?p=311816"},"modified":"2024-11-20T16:34:22","modified_gmt":"2024-11-20T13:34:22","slug":"gazze-seridindeki-isgal-bombardimaninda-14-sehit-ve-cok-sayida-yarali","status":"publish","type":"post","link":"https:\/\/archive.sana.sy\/tr\/?p=311816","title":{"rendered":"Gazze \u015eeridi&#8217;ndeki \u0130\u015fgal Bombard\u0131man\u0131nda 14 \u015eehit Ve \u00c7ok Say\u0131da Yaral\u0131"},"content":{"rendered":"<p style=\"text-align: justify;\"><span style=\"color: #800000;\"><strong>\u0130\u015eGAL ED\u0130LEN KUD\u00dcS (SANA)<\/strong><\/span> &#8211; Bug\u00fcn \u0130srail&#8217;in Gazze \u015eeridi&#8217;ndeki baz\u0131 b\u00f6lgeleri bombalamas\u0131 sonucu 14 Filistinli \u015fehit oldu, \u00e7ok say\u0131da Filistinli de yaraland\u0131.<\/p>\n<p style=\"text-align: justify;\">Wafa Ajans\u0131, \u2018\u2019\u0130\u015fgal g\u00fc\u00e7leri, Gazze \u015eeridi&#8217;nin kuzeyindeki Cebeliye&#8217;deki iki evi ve Refah \u015fehrinin kuzeyindeki Hirbit El Adas b\u00f6lgesini ve \u015fehrin do\u011fusundaki bir grup Filistinliyi u\u00e7ak ve toplarla bombalad\u0131. Bu da 14 Filistinlinin \u00f6l\u00fcm\u00fcne ve di\u011ferlerinin de yaralanmas\u0131na yol a\u00e7t\u0131.<\/p>\n<p style=\"text-align: justify;\">Gazze \u015eeridi&#8217;nin ortas\u0131ndaki Nuseyrat giri\u015finde Filistinlilere bomba at\u0131lan i\u015fgal y\u00fcr\u00fcy\u00fc\u015f\u00fc sonucu \u00e7ok say\u0131da Filistinli yaraland\u0131. \u00a0Bu esnada Gazze \u015fehrinin El- Sabra ve Tel El Hava mahallelerine i\u015fgal top\u00e7u bombard\u0131man\u0131 devam ediyor.<\/p>\n<p style=\"text-align: center;\"><strong><a href=\"https:\/\/t.me\/SuriyeArapHaberAjansI\">Telegram Kanal\u0131m\u0131z<span style=\"color: #ff0000;\">\u00a0<\/span><\/a><span style=\"color: #ff0000;\">||<\/span><a href=\"https:\/\/twitter.com\/arap_ajans\">X Platformumuz\u00a0<\/a><span style=\"color: #ff0000;\">||<\/span><a href=\"https:\/\/www.facebook.com\/SANAHaberAjansi\/\">Facebook Sayfam\u0131z<\/a><\/strong><\/p>\n","protected":false},"excerpt":{"rendered":"<p>\u0130\u015eGAL ED\u0130LEN KUD\u00dcS (SANA) &#8211; Bug\u00fcn \u0130srail&#8217;in Gazze \u015eeridi&#8217;ndeki baz\u0131 b\u00f6lgeleri bombalamas\u0131 sonucu 14 Filistinli \u015fehit oldu, \u00e7ok say\u0131da Filistinli de yaraland\u0131. Wafa Ajans\u0131, \u2018\u2019\u0130\u015fgal g\u00fc\u00e7leri, Gazze \u015eeridi&#8217;nin kuzeyindeki Cebeliye&#8217;deki iki evi ve Refah \u015fehrinin kuzeyindeki Hirbit El Adas b\u00f6lgesini ve \u015fehrin do\u011fusundaki bir grup Filistinliyi u\u00e7ak ve toplarla bombalad\u0131. Bu da 14 Filistinlinin \u00f6l\u00fcm\u00fcne &hellip;<\/p>\n","protected":false},"author":41,"featured_media":311822,"comment_status":"closed","ping_status":"closed","sticky":false,"template":"","format":"standard","meta":{"footnotes":""},"categories":[458,589,459,17988],"tags":[42918],"class_list":["post-311816","post","type-post","status-publish","format-standard","has-post-thumbnail","","category-dunya1","category-haber-seridi","category-haberler-arap-uluslararasi-politika","category-son-haberler","tag-gazze-seridindeki-isgal-bombardimaninda-14-sehit-ve-cok-sayida-yarali"],"_links":{"self":[{"href":"https:\/\/archive.sana.sy\/tr\/index.php?rest_route=\/wp\/v2\/posts\/311816","targetHints":{"allow":["GET"]}}],"collection":[{"href":"https:\/\/archive.sana.sy\/tr\/index.php?rest_route=\/wp\/v2\/posts"}],"about":[{"href":"https:\/\/archive.sana.sy\/tr\/index.php?rest_route=\/wp\/v2\/types\/post"}],"author":[{"embeddable":true,"href":"https:\/\/archive.sana.sy\/tr\/index.php?rest_route=\/wp\/v2\/users\/41"}],"replies":[{"embeddable":true,"href":"https:\/\/archive.sana.sy\/tr\/index.php?rest_route=%2Fwp%2Fv2%2Fcomments&post=311816"}],"version-history":[{"count":1,"href":"https:\/\/archive.sana.sy\/tr\/index.php?rest_route=\/wp\/v2\/posts\/311816\/revisions"}],"predecessor-version":[{"id":311818,"href":"https:\/\/archive.sana.sy\/tr\/index.php?rest_route=\/wp\/v2\/posts\/311816\/revisions\/311818"}],"wp:featuredmedia":[{"embeddable":true,"href":"https:\/\/archive.sana.sy\/tr\/index.php?rest_route=\/wp\/v2\/media\/311822"}],"wp:attachment":[{"href":"https:\/\/archive.sana.sy\/tr\/index.php?rest_route=%2Fwp%2Fv2%2Fmedia&parent=311816"}],"wp:term":[{"taxonomy":"category","embeddable":true,"href":"https:\/\/archive.sana.sy\/tr\/index.php?rest_route=%2Fwp%2Fv2%2Fcategories&post=311816"},{"taxonomy":"post_tag","embeddable":true,"href":"https:\/\/archive.sana.sy\/tr\/index.php?rest_route=%2Fwp%2Fv2%2Ftags&post=311816"}],"curies":[{"name":"wp","href":"https:\/\/api.w.org\/{rel}","templated":true}]}}