{"id":311823,"date":"2024-11-20T14:43:51","date_gmt":"2024-11-20T11:43:51","guid":{"rendered":"https:\/\/sana.sy\/tr\/?p=311823"},"modified":"2024-11-20T16:58:29","modified_gmt":"2024-11-20T13:58:29","slug":"rus-ordusu-yuzlerce-ukraynali-askeri-etkisiz-hale-getirdi-onlarca-askeri-aracini-imha-etti","status":"publish","type":"post","link":"https:\/\/archive.sana.sy\/tr\/?p=311823","title":{"rendered":"Rus \u00a0Ordusu Y\u00fczlerce Ukrayna Askerini Etkisiz Hale Getirdi, Onlarca Askeri Arac\u0131n\u0131 \u0130mha Etti"},"content":{"rendered":"<p style=\"text-align: justify;\"><span style=\"color: #800000;\"><strong>MOSKOVA\u00a0 (SANA)-<\/strong> <\/span>Rusya Savunma Bakanl\u0131\u011f\u0131 \u00e7ar\u015famba g\u00fcn\u00fc yapt\u0131\u011f\u0131 a\u00e7\u0131klamada, &#8220;Kuzey&#8221; g\u00fc\u00e7 grubuna ba\u011fl\u0131 birimlerin Kursk vilayetindeki Olgovskaya Rosha b\u00f6lgesinde ku\u015fatma alt\u0131ndaki bir grup Ukrayna kuvvetini ortadan kald\u0131rmay\u0131 tamamlad\u0131\u011f\u0131n\u0131 duyurdu.<\/p>\n<p style=\"text-align: justify;\"><span style=\"color: #0000ff;\"><strong>Rusya Savunmas\u0131 bug\u00fcn yapt\u0131\u011f\u0131 a\u00e7\u0131klamada \u015fu ifadelere yer verdi:<\/strong><\/span><\/p>\n<ul>\n<li style=\"text-align: justify;\">&#8220;Kuzey&#8221; g\u00fc\u00e7leri, Kursk Eyaletindeki 8 s\u0131n\u0131r kasabas\u0131 ve k\u00f6y\u00fc civar\u0131ndaki 9 Ukrayna tugay\u0131n\u0131 hedef ald\u0131.<\/li>\n<li style=\"text-align: justify;\">Rusya&#8217;n\u0131n hava sald\u0131r\u0131lar\u0131 ve top\u00e7u ate\u015fi, Kursk s\u0131n\u0131r b\u00f6lgelerindeki 22 yerle\u015fim merkezinin \u00e7evresindeki d\u00fc\u015fman kuvvetlerini ve askeri te\u00e7hizat\u0131 vurdu.<\/li>\n<li style=\"text-align: justify;\">Kursk&#8217;a biti\u015fik Ukrayna&#8217;n\u0131n Sumy eyaleti topraklar\u0131nda 6&#8217;ya kadar yerle\u015fim merkezi y\u0131k\u0131ld\u0131.<\/li>\n<li style=\"text-align: justify;\">Ukrayna kuvvetlerinin ge\u00e7ti\u011fimiz g\u00fcn i\u00e7indeki kay\u0131plar\u0131 400 askeri a\u015ft\u0131 ve aralar\u0131nda Alman yap\u0131m\u0131 &#8220;Marder&#8221; ve di\u011fer ekipmanlar\u0131n da bulundu\u011fu 6 piyade sava\u015f arac\u0131 da vard\u0131.<\/li>\n<li style=\"text-align: justify;\">Ukrayna ordusunun 11 askeri teslim oldu.<\/li>\n<li style=\"text-align: justify;\">\u00c7at\u0131\u015fmalar\u0131n ba\u015flang\u0131c\u0131ndan bu yana Ukrayna kuvvetlerinin Kursk ekseninde u\u011frad\u0131\u011f\u0131 toplam kay\u0131plar 34.390&#8217;\u0131 a\u015fk\u0131n asker, 215 tank ve 147 piyade sava\u015f arac\u0131n\u0131 buldu.<\/li>\n<li style=\"text-align: justify;\">120 z\u0131rhl\u0131 personel ta\u015f\u0131y\u0131c\u0131, 1.190 z\u0131rhl\u0131 sava\u015f arac\u0131 ile di\u011fer silahlar ve askeri te\u00e7hizat imha edildi.<\/li>\n<\/ul>\n<p style=\"text-align: center;\"><strong><a href=\"https:\/\/t.me\/SuriyeArapHaberAjansI\">Telegram Kanal\u0131m\u0131z\u00a0<\/a><span style=\"color: #ff0000;\">||<\/span><a href=\"https:\/\/twitter.com\/arap_ajans\">X Platformumuz\u00a0<\/a><span style=\"color: #ff0000;\">||<\/span><a href=\"https:\/\/www.facebook.com\/SANAHaberAjansi\/\">Facebook Sayfam\u0131z<\/a><\/strong><\/p>\n","protected":false},"excerpt":{"rendered":"<p>MOSKOVA\u00a0 (SANA)- Rusya Savunma Bakanl\u0131\u011f\u0131 \u00e7ar\u015famba g\u00fcn\u00fc yapt\u0131\u011f\u0131 a\u00e7\u0131klamada, &#8220;Kuzey&#8221; g\u00fc\u00e7 grubuna ba\u011fl\u0131 birimlerin Kursk vilayetindeki Olgovskaya Rosha b\u00f6lgesinde ku\u015fatma alt\u0131ndaki bir grup Ukrayna kuvvetini ortadan kald\u0131rmay\u0131 tamamlad\u0131\u011f\u0131n\u0131 duyurdu. Rusya Savunmas\u0131 bug\u00fcn yapt\u0131\u011f\u0131 a\u00e7\u0131klamada \u015fu ifadelere yer verdi: &#8220;Kuzey&#8221; g\u00fc\u00e7leri, Kursk Eyaletindeki 8 s\u0131n\u0131r kasabas\u0131 ve k\u00f6y\u00fc civar\u0131ndaki 9 Ukrayna tugay\u0131n\u0131 hedef ald\u0131. Rusya&#8217;n\u0131n hava &hellip;<\/p>\n","protected":false},"author":41,"featured_media":311824,"comment_status":"closed","ping_status":"closed","sticky":false,"template":"","format":"standard","meta":{"footnotes":""},"categories":[458,589,459,17988],"tags":[42920,42919],"class_list":["post-311823","post","type-post","status-publish","format-standard","has-post-thumbnail","","category-dunya1","category-haber-seridi","category-haberler-arap-uluslararasi-politika","category-son-haberler","tag-onlarca-askeri-aracini-imha-etti","tag-rus-ordusu-yuzlerce-ukraynali-askeri-etkisiz-hale-getirdi"],"_links":{"self":[{"href":"https:\/\/archive.sana.sy\/tr\/index.php?rest_route=\/wp\/v2\/posts\/311823","targetHints":{"allow":["GET"]}}],"collection":[{"href":"https:\/\/archive.sana.sy\/tr\/index.php?rest_route=\/wp\/v2\/posts"}],"about":[{"href":"https:\/\/archive.sana.sy\/tr\/index.php?rest_route=\/wp\/v2\/types\/post"}],"author":[{"embeddable":true,"href":"https:\/\/archive.sana.sy\/tr\/index.php?rest_route=\/wp\/v2\/users\/41"}],"replies":[{"embeddable":true,"href":"https:\/\/archive.sana.sy\/tr\/index.php?rest_route=%2Fwp%2Fv2%2Fcomments&post=311823"}],"version-history":[{"count":2,"href":"https:\/\/archive.sana.sy\/tr\/index.php?rest_route=\/wp\/v2\/posts\/311823\/revisions"}],"predecessor-version":[{"id":311826,"href":"https:\/\/archive.sana.sy\/tr\/index.php?rest_route=\/wp\/v2\/posts\/311823\/revisions\/311826"}],"wp:featuredmedia":[{"embeddable":true,"href":"https:\/\/archive.sana.sy\/tr\/index.php?rest_route=\/wp\/v2\/media\/311824"}],"wp:attachment":[{"href":"https:\/\/archive.sana.sy\/tr\/index.php?rest_route=%2Fwp%2Fv2%2Fmedia&parent=311823"}],"wp:term":[{"taxonomy":"category","embeddable":true,"href":"https:\/\/archive.sana.sy\/tr\/index.php?rest_route=%2Fwp%2Fv2%2Fcategories&post=311823"},{"taxonomy":"post_tag","embeddable":true,"href":"https:\/\/archive.sana.sy\/tr\/index.php?rest_route=%2Fwp%2Fv2%2Ftags&post=311823"}],"curies":[{"name":"wp","href":"https:\/\/api.w.org\/{rel}","templated":true}]}}