{"id":31184,"date":"2015-04-28T10:50:35","date_gmt":"2015-04-28T07:50:35","guid":{"rendered":"http:\/\/www.sana.sy\/tr\/?p=31184"},"modified":"2015-04-28T10:50:35","modified_gmt":"2015-04-28T07:50:35","slug":"askeri-kaynak-suriye-ordusu-hava-silahinin-homs-kirsali-el-saer-ve-cezil-petrol-kuyulari-cevresi-ile-hebra-el-garbiyede-isid-teror-orgutu-teroristlerini-hedef-aldigini-operasyonlarda-onlarca","status":"publish","type":"post","link":"https:\/\/archive.sana.sy\/tr\/?p=31184","title":{"rendered":"Askeri kaynak, Suriye ordusu hava silah\u0131n\u0131n Homs k\u0131rsal\u0131 el \u015eaer ve Cezil petrol kuyular\u0131 \u00e7evresi ile Hebra el Garbiye\u2019de I\u015e\u0130D ter\u00f6r \u00f6rg\u00fct\u00fc ter\u00f6ristlerini hedef ald\u0131\u011f\u0131n\u0131 operasyonlarda onlarca ter\u00f6ristin de \u00f6ld\u00fc\u011f\u00fcn\u00fc s\u00f6yledi."},"content":{"rendered":"<p>Askeri kaynak, Suriye ordusu hava silah\u0131n\u0131n Homs k\u0131rsal\u0131 el \u015eaer ve Cezil petrol kuyular\u0131 \u00e7evresi ile Hebra el Garbiye\u2019de I\u015e\u0130D ter\u00f6r \u00f6rg\u00fct\u00fc ter\u00f6ristlerini hedef ald\u0131\u011f\u0131n\u0131 operasyonlarda onlarca ter\u00f6ristin de \u00f6ld\u00fc\u011f\u00fcn\u00fc s\u00f6yledi.<\/p>\n","protected":false},"excerpt":{"rendered":"<p>Askeri kaynak, Suriye ordusu hava silah\u0131n\u0131n Homs k\u0131rsal\u0131 el \u015eaer ve Cezil petrol kuyular\u0131 \u00e7evresi ile Hebra el Garbiye\u2019de I\u015e\u0130D ter\u00f6r \u00f6rg\u00fct\u00fc ter\u00f6ristlerini hedef ald\u0131\u011f\u0131n\u0131 operasyonlarda onlarca ter\u00f6ristin de \u00f6ld\u00fc\u011f\u00fcn\u00fc s\u00f6yledi.<\/p>\n","protected":false},"author":1,"featured_media":0,"comment_status":"closed","ping_status":"closed","sticky":false,"template":"","format":"standard","meta":{"footnotes":""},"categories":[1],"tags":[1031],"class_list":["post-31184","post","type-post","status-publish","format-standard","","category-news-not-sorted","tag-askeri-kaynak"],"_links":{"self":[{"href":"https:\/\/archive.sana.sy\/tr\/index.php?rest_route=\/wp\/v2\/posts\/31184","targetHints":{"allow":["GET"]}}],"collection":[{"href":"https:\/\/archive.sana.sy\/tr\/index.php?rest_route=\/wp\/v2\/posts"}],"about":[{"href":"https:\/\/archive.sana.sy\/tr\/index.php?rest_route=\/wp\/v2\/types\/post"}],"author":[{"embeddable":true,"href":"https:\/\/archive.sana.sy\/tr\/index.php?rest_route=\/wp\/v2\/users\/1"}],"replies":[{"embeddable":true,"href":"https:\/\/archive.sana.sy\/tr\/index.php?rest_route=%2Fwp%2Fv2%2Fcomments&post=31184"}],"version-history":[{"count":0,"href":"https:\/\/archive.sana.sy\/tr\/index.php?rest_route=\/wp\/v2\/posts\/31184\/revisions"}],"wp:attachment":[{"href":"https:\/\/archive.sana.sy\/tr\/index.php?rest_route=%2Fwp%2Fv2%2Fmedia&parent=31184"}],"wp:term":[{"taxonomy":"category","embeddable":true,"href":"https:\/\/archive.sana.sy\/tr\/index.php?rest_route=%2Fwp%2Fv2%2Fcategories&post=31184"},{"taxonomy":"post_tag","embeddable":true,"href":"https:\/\/archive.sana.sy\/tr\/index.php?rest_route=%2Fwp%2Fv2%2Ftags&post=31184"}],"curies":[{"name":"wp","href":"https:\/\/api.w.org\/{rel}","templated":true}]}}