{"id":31186,"date":"2015-04-28T11:27:04","date_gmt":"2015-04-28T08:27:04","guid":{"rendered":"http:\/\/www.sana.sy\/tr\/?p=31186"},"modified":"2015-04-28T11:27:04","modified_gmt":"2015-04-28T08:27:04","slug":"zarif-ve-de-mistura-suriye-krizi-ile-cenevre-3-konferans-hazirliklarini-ele-aldi","status":"publish","type":"post","link":"https:\/\/archive.sana.sy\/tr\/?p=31186","title":{"rendered":"Zarif ve De Mistura Suriye Krizi ile Cenevre 3 Konferans Haz\u0131rl\u0131klar\u0131n\u0131 Ele Ald\u0131"},"content":{"rendered":"<p>TAHRAN \u2013 \u0130ran D\u0131\u015fi\u015fleri Bakan\u0131 Muhammed Cevat Zarif ile BM Suriye \u00f6zel temsilcisi Stafan De Mistura ile halihaz\u0131rda New York\u2019ta d\u00fczenlenen N\u00fckleer Silahlar\u0131n Yay\u0131lmas\u0131n\u0131 \u00d6nleme S\u00f6zle\u015fmesini yeniden g\u00f6zden ge\u00e7irme konferans\u0131 yan toplant\u0131lar\u0131 kapsam\u0131nda Suriye\u2019deki kriz ve Cenevre 3 konferans\u0131na haz\u0131rl\u0131k konular\u0131n\u0131 g\u00f6r\u00fc\u015ft\u00fc.<\/p>\n<p>G\u00f6r\u00fc\u015fmeyi ya\u011fp\u0131c\u0131 ve olumlu olarak nitelendiren De Mistura, Cenevre 3 Konferans\u0131na kat\u0131lmas\u0131 i\u00e7in \u0130ran\u2019a resmi davet y\u00f6neltti\u011fini belirterek Suriye\u2019deki krizin \u00e7\u00f6z\u00fcm\u00fcndeki rol\u00fcn\u00fcn g\u00f6z ard\u0131 edilmesinin b\u00fcy\u00fck bir hata olaca\u011f\u0131n\u0131 varsayd\u0131.<\/p>\n<p>Kendi y\u00f6n\u00fcnden Zarif, Suriye krizinin derinle\u015ftirilmesinde baz\u0131 \u00fclkelerin olumsuz rol\u00fcne y\u00f6nelik endi\u015fesini dile getirerek, De Mist\u0131ra\u2019n\u0131n Suriye\u2019de siyasi \u00e7\u00f6z\u00fcm bulma, g\u00fcven ve istikrar\u0131n yeniden sa\u011flanmas\u0131na yol a\u00e7acak \u00e7abalar\u0131n\u0131 desteklemeye haz\u0131r olduklar\u0131n\u0131 vurgulad\u0131.<\/p>\n<p><span style=\"color: #0000ff\">\u0130ran ve Cezayir Suriye ve Yemen Krizlerine Siyasi \u00c7\u00f6z\u00fcm Bulma \u00c7a\u011fr\u0131lar\u0131n\u0131 Yineledi<\/span><\/p>\n<p>\u00d6te yandan \u0130ran ve Cezayir Suriye ve Yemen\u2019deki krizlere siyasi \u00e7\u00f6z\u00fcm bulma \u00e7a\u011fr\u0131lar\u0131n\u0131 bir kez daha yineledi.<\/p>\n<p>\u0130RNA, \u0130ran D\u0131\u015fi\u015fleri Bakan\u0131 Muhammed Cevat Zarif ile Cazayirli mevkida\u015f\u0131 Ramtan Lamamra, halihaz\u0131rda New York\u2019ta d\u00fczenlenen N\u00fckleer Silahlar\u0131n Yay\u0131lmas\u0131n\u0131 \u00d6nleme S\u00f6zle\u015fmesini yeniden g\u00f6zden ge\u00e7irme konferans\u0131 yan toplant\u0131lar\u0131nda , ba\u015fta Suriye ve Yemen\u2019deki son geli\u015fmeler yan\u0131 s\u0131ra N\u00fckleer yay\u0131l\u0131m\u0131n \u00f6nlenmesi s\u00f6zle\u015fmesini g\u00f6zden ge\u00e7irme ve orta do\u011fu b\u00f6lgesinin kitle imha silahlar\u0131ndan bo\u015falt\u0131lmas\u0131 inisiyatifine y\u00f6nelik iki \u00fclke aras\u0131nda koordinasyon konular\u0131n\u0131 ele ald\u0131lar.<\/p>\n<p>Zarif ve BM Genel Sekreter Yard\u0131mc\u0131s\u0131 Yan \u0130lyason, Suriye\u2019deki krize siyasi \u00e7\u00f6z\u00fcm bulma zorunlulu\u011fu ile Yemen\u2019deki krizin \u00e7\u00f6z\u00fcm\u00fc i\u00e7in vesile olan diyalogun itimat edilmesi zorunlulu\u011funu vurgulad\u0131lar.<\/p>\n<p>S.\u015e<\/p>\n","protected":false},"excerpt":{"rendered":"<p>TAHRAN \u2013 \u0130ran D\u0131\u015fi\u015fleri Bakan\u0131 Muhammed Cevat Zarif ile BM Suriye \u00f6zel temsilcisi Stafan De Mistura ile halihaz\u0131rda New York\u2019ta d\u00fczenlenen N\u00fckleer Silahlar\u0131n Yay\u0131lmas\u0131n\u0131 \u00d6nleme S\u00f6zle\u015fmesini yeniden g\u00f6zden ge\u00e7irme konferans\u0131 yan toplant\u0131lar\u0131 kapsam\u0131nda Suriye\u2019deki kriz ve Cenevre 3 konferans\u0131na haz\u0131rl\u0131k konular\u0131n\u0131 g\u00f6r\u00fc\u015ft\u00fc. G\u00f6r\u00fc\u015fmeyi ya\u011fp\u0131c\u0131 ve olumlu olarak nitelendiren De Mistura, Cenevre 3 Konferans\u0131na kat\u0131lmas\u0131 i\u00e7in &hellip;<\/p>\n","protected":false},"author":1,"featured_media":31187,"comment_status":"closed","ping_status":"closed","sticky":false,"template":"","format":"standard","meta":{"footnotes":""},"categories":[458,459,447],"tags":[14132,14133],"class_list":["post-31186","post","type-post","status-publish","format-standard","has-post-thumbnail","","category-dunya1","category-haberler-arap-uluslararasi-politika","category-politika","tag-iran-ve-cezayir-suriye-ve-yemen-krizlerine-siyasi-cozum-bulma-cagrilarini-yineledi","tag-zarif-ve-de-mistura-suriye-krizi-ile-cenevre-3-konferans-hazirliklarini-ele-aldi"],"_links":{"self":[{"href":"https:\/\/archive.sana.sy\/tr\/index.php?rest_route=\/wp\/v2\/posts\/31186","targetHints":{"allow":["GET"]}}],"collection":[{"href":"https:\/\/archive.sana.sy\/tr\/index.php?rest_route=\/wp\/v2\/posts"}],"about":[{"href":"https:\/\/archive.sana.sy\/tr\/index.php?rest_route=\/wp\/v2\/types\/post"}],"author":[{"embeddable":true,"href":"https:\/\/archive.sana.sy\/tr\/index.php?rest_route=\/wp\/v2\/users\/1"}],"replies":[{"embeddable":true,"href":"https:\/\/archive.sana.sy\/tr\/index.php?rest_route=%2Fwp%2Fv2%2Fcomments&post=31186"}],"version-history":[{"count":0,"href":"https:\/\/archive.sana.sy\/tr\/index.php?rest_route=\/wp\/v2\/posts\/31186\/revisions"}],"wp:featuredmedia":[{"embeddable":true,"href":"https:\/\/archive.sana.sy\/tr\/index.php?rest_route=\/wp\/v2\/media\/31187"}],"wp:attachment":[{"href":"https:\/\/archive.sana.sy\/tr\/index.php?rest_route=%2Fwp%2Fv2%2Fmedia&parent=31186"}],"wp:term":[{"taxonomy":"category","embeddable":true,"href":"https:\/\/archive.sana.sy\/tr\/index.php?rest_route=%2Fwp%2Fv2%2Fcategories&post=31186"},{"taxonomy":"post_tag","embeddable":true,"href":"https:\/\/archive.sana.sy\/tr\/index.php?rest_route=%2Fwp%2Fv2%2Ftags&post=31186"}],"curies":[{"name":"wp","href":"https:\/\/api.w.org\/{rel}","templated":true}]}}