{"id":311873,"date":"2024-11-21T17:08:01","date_gmt":"2024-11-21T14:08:01","guid":{"rendered":"https:\/\/sana.sy\/tr\/?p=311873"},"modified":"2024-11-21T17:08:30","modified_gmt":"2024-11-21T14:08:30","slug":"rusya-baskurdistan-cumhurbaskani-batinin-suriye-ve-rusyaya-yonelik-dusmanca-tutumu-somurgeci-yaklasimiyla-baglantilidir","status":"publish","type":"post","link":"https:\/\/archive.sana.sy\/tr\/?p=311873","title":{"rendered":"Rusya Ba\u015fkurdistan Cumhurba\u015fkan\u0131: Bat\u0131&#8217;n\u0131n Suriye Ve Rusya&#8217;ya Y\u00f6nelik D\u00fc\u015fmanca Tutumu S\u00f6m\u00fcrgeci Yakla\u015f\u0131m\u0131yla Ba\u011flant\u0131l\u0131d\u0131r"},"content":{"rendered":"<p style=\"text-align: justify;\"><span style=\"color: #800000;\"><strong>MOSKOVA (SANA)<\/strong> &#8211;<\/span> \u00a0Rusya Ba\u015fkurdistan Cumhuriyeti Cumhurba\u015fkan\u0131 Radi Habirov, Bat\u0131&#8217;n\u0131n Suriye, Rusya ve dostlar\u0131na y\u00f6nelik d\u00fc\u015fmanca tutumunun, Bat\u0131&#8217;n\u0131n \u00e7evreleme ve tahakk\u00fcm politikas\u0131na dayal\u0131 s\u00f6m\u00fcrgeci yakla\u015f\u0131m\u0131yla tamamen ve yak\u0131ndan ba\u011flant\u0131l\u0131 oldu\u011funu do\u011frulayarak, \u00a0Bat\u0131&#8217;n\u0131n uygulad\u0131\u011f\u0131 yapt\u0131r\u0131mlar ve zorlay\u0131c\u0131 tedbirlerin, d\u00fcnya halklar\u0131n\u0131n \u00e7o\u011funlu\u011fu taraf\u0131ndan k\u0131nanan bu yakla\u015f\u0131m\u0131n yaln\u0131zca \u00f6nemli bir par\u00e7as\u0131 oldu\u011funa dikkat \u00e7ekti.<\/p>\n<p style=\"text-align: justify;\">SANA&#8217;n\u0131n Moskova&#8217;daki muhabirine verdi\u011fi r\u00f6portajda Habirov, \u2018\u2019Bu &#8220;d\u00fc\u015fmanca tutum, yaln\u0131zca eski s\u00f6m\u00fcrgecilik d\u00fcnyas\u0131n\u0131 temsil eden \u00e7ok az say\u0131da \u00fclkeden destek ald\u0131&#8230; ve bu \u00fclkelerin \u00f6ne s\u00fcrd\u00fc\u011f\u00fc t\u00fcm iddia ve ithamlar ger\u00e7e\u011fe ve ger\u00e7eklere ayk\u0131r\u0131d\u0131r\u2019\u2019 diyerek,\u00a0 Bat\u0131l\u0131 g\u00fc\u00e7lerin 2014&#8217;ten bu yana Rusya&#8217;ya defalarca yapt\u0131r\u0131m uygulad\u0131\u011f\u0131na, Ukrayna&#8217;ya \u00f6zel askeri operasyon ba\u015flat\u0131lmas\u0131 karar\u0131n\u0131n ard\u0131ndan bu zorlay\u0131c\u0131 yapt\u0131r\u0131mlar\u0131n iki kat\u0131na \u00e7\u0131kt\u0131\u011f\u0131na dikkat \u00e7ekti.<\/p>\n<p style=\"text-align: justify;\">ABD liderli\u011findeki Bat\u0131l\u0131 g\u00fc\u00e7lerin Rusya, Suriye ve di\u011fer ba\u011f\u0131ms\u0131z \u00fclkelere kar\u015f\u0131 d\u00fc\u015fmanl\u0131\u011f\u0131 k\u0131\u015fk\u0131rtmak i\u00e7in fa\u015fist ve neo-Nazi rejimlere para ve silah pompalamaya \u00e7al\u0131\u015ft\u0131\u011f\u0131n\u0131 a\u00e7\u0131klayan Habirov, Suriye ve Rusya halklar\u0131na yapt\u0131r\u0131m ve k\u0131s\u0131tlamalar getirilmesinin Birle\u015fmi\u015f Milletler ilkelerine ve uluslararas\u0131 ve uluslararas\u0131 insanc\u0131l hukukun ama\u00e7lar\u0131na ayk\u0131r\u0131 oldu\u011funu vurgulad\u0131.<\/p>\n<p style=\"text-align: center;\"><strong><a href=\"https:\/\/t.me\/SuriyeArapHaberAjansI\">Telegram Kanal\u0131m\u0131z<span style=\"color: #ff0000;\">\u00a0<\/span><\/a><span style=\"color: #ff0000;\">||<\/span><a href=\"https:\/\/twitter.com\/arap_ajans\">X Platformumuz\u00a0<\/a><span style=\"color: #ff0000;\">||<\/span><a href=\"https:\/\/www.facebook.com\/SANAHaberAjansi\/\">Facebook Sayfam\u0131z<\/a><\/strong><\/p>\n","protected":false},"excerpt":{"rendered":"<p>MOSKOVA (SANA) &#8211; \u00a0Rusya Ba\u015fkurdistan Cumhuriyeti Cumhurba\u015fkan\u0131 Radi Habirov, Bat\u0131&#8217;n\u0131n Suriye, Rusya ve dostlar\u0131na y\u00f6nelik d\u00fc\u015fmanca tutumunun, Bat\u0131&#8217;n\u0131n \u00e7evreleme ve tahakk\u00fcm politikas\u0131na dayal\u0131 s\u00f6m\u00fcrgeci yakla\u015f\u0131m\u0131yla tamamen ve yak\u0131ndan ba\u011flant\u0131l\u0131 oldu\u011funu do\u011frulayarak, \u00a0Bat\u0131&#8217;n\u0131n uygulad\u0131\u011f\u0131 yapt\u0131r\u0131mlar ve zorlay\u0131c\u0131 tedbirlerin, d\u00fcnya halklar\u0131n\u0131n \u00e7o\u011funlu\u011fu taraf\u0131ndan k\u0131nanan bu yakla\u015f\u0131m\u0131n yaln\u0131zca \u00f6nemli bir par\u00e7as\u0131 oldu\u011funa dikkat \u00e7ekti. SANA&#8217;n\u0131n Moskova&#8217;daki muhabirine verdi\u011fi &hellip;<\/p>\n","protected":false},"author":44,"featured_media":311874,"comment_status":"closed","ping_status":"closed","sticky":false,"template":"","format":"standard","meta":{"footnotes":""},"categories":[458,589,459,17988],"tags":[42923],"class_list":["post-311873","post","type-post","status-publish","format-standard","has-post-thumbnail","","category-dunya1","category-haber-seridi","category-haberler-arap-uluslararasi-politika","category-son-haberler","tag-rusya-baskurdistan-cumhurbaskani-batinin-suriye-ve-rusyaya-yonelik-dusmanca-tutumu-somurgeci-yaklasimiyla-baglantilidir"],"_links":{"self":[{"href":"https:\/\/archive.sana.sy\/tr\/index.php?rest_route=\/wp\/v2\/posts\/311873","targetHints":{"allow":["GET"]}}],"collection":[{"href":"https:\/\/archive.sana.sy\/tr\/index.php?rest_route=\/wp\/v2\/posts"}],"about":[{"href":"https:\/\/archive.sana.sy\/tr\/index.php?rest_route=\/wp\/v2\/types\/post"}],"author":[{"embeddable":true,"href":"https:\/\/archive.sana.sy\/tr\/index.php?rest_route=\/wp\/v2\/users\/44"}],"replies":[{"embeddable":true,"href":"https:\/\/archive.sana.sy\/tr\/index.php?rest_route=%2Fwp%2Fv2%2Fcomments&post=311873"}],"version-history":[{"count":1,"href":"https:\/\/archive.sana.sy\/tr\/index.php?rest_route=\/wp\/v2\/posts\/311873\/revisions"}],"predecessor-version":[{"id":311875,"href":"https:\/\/archive.sana.sy\/tr\/index.php?rest_route=\/wp\/v2\/posts\/311873\/revisions\/311875"}],"wp:featuredmedia":[{"embeddable":true,"href":"https:\/\/archive.sana.sy\/tr\/index.php?rest_route=\/wp\/v2\/media\/311874"}],"wp:attachment":[{"href":"https:\/\/archive.sana.sy\/tr\/index.php?rest_route=%2Fwp%2Fv2%2Fmedia&parent=311873"}],"wp:term":[{"taxonomy":"category","embeddable":true,"href":"https:\/\/archive.sana.sy\/tr\/index.php?rest_route=%2Fwp%2Fv2%2Fcategories&post=311873"},{"taxonomy":"post_tag","embeddable":true,"href":"https:\/\/archive.sana.sy\/tr\/index.php?rest_route=%2Fwp%2Fv2%2Ftags&post=311873"}],"curies":[{"name":"wp","href":"https:\/\/api.w.org\/{rel}","templated":true}]}}