{"id":311877,"date":"2024-11-20T23:22:41","date_gmt":"2024-11-20T20:22:41","guid":{"rendered":"https:\/\/sana.sy\/tr\/?p=311877"},"modified":"2024-11-23T13:23:05","modified_gmt":"2024-11-23T10:23:05","slug":"cumhurbaskani-bezeskyian-bakan-sabbag-ile-bir-araya-geldi","status":"publish","type":"post","link":"https:\/\/archive.sana.sy\/tr\/?p=311877","title":{"rendered":"Cumhurba\u015fkan\u0131 Peze\u015fkyian, Bakan Sabba\u011f \u0130le G\u00f6r\u00fc\u015ft\u00fc&#8230; G\u00f6r\u00fc\u015fmede \u0130ki \u00dclke Aras\u0131ndaki \u0130\u015fbirli\u011fine Yeni Ufuklar A\u00e7\u0131lmas\u0131na Odaklan\u0131ld\u0131"},"content":{"rendered":"<p style=\"text-align: justify;\"><strong><span style=\"color: #800000;\">TARAN (SANA)<\/span> &#8211;<\/strong> \u0130ran \u0130slam Cumhuriyeti Cumhurba\u015fkan\u0131 Mesud Peze\u015fkiyan\u2019\u0131n bu ak\u015fam Tahran&#8217;da D\u0131\u015fi\u015fleri ve Gurbet\u00e7iler Bakan\u0131 Bessam Sabba\u011f&#8217;\u0131 kabul etti\u011fi g\u00f6r\u00fc\u015fmede, bir\u00e7ok alanda stratejik ili\u015fkileri ve i\u015fbirli\u011fi bulunan iki <img loading=\"lazy\" decoding=\"async\" class=\"size-full wp-image-311879 alignright\" src=\"http:\/\/sana.sy\/tr\/wp-content\/uploads\/2024\/11\/unnamed-file.jpg\" alt=\"\" width=\"300\" height=\"200\" \/>\u00fclke aras\u0131ndaki ikili ili\u015fkilerin geli\u015ftirilmesi ele al\u0131nd\u0131.<\/p>\n<p style=\"text-align: justify;\">Bakan Sabba\u011f, Cumhurba\u015fkan\u0131 Be\u015f\u015far Esad&#8217;\u0131n selamlar\u0131n\u0131 Cumhurba\u015fkan\u0131 Peze\u015fkiyan&#8217;a ve Suriye ziyaret davetini ileterek, iki \u00fclkenin ortak \u00e7abalar\u0131n\u0131n hem kendi \u00e7\u0131karlar\u0131na hem de b\u00f6lge \u00fclkelerine hizmet edecek \u015fekilde aralar\u0131nda i\u015fbirli\u011fi i\u00e7in yeni ufuklar a\u00e7maya odakland\u0131\u011f\u0131n\u0131 vurgulad\u0131.<\/p>\n<p style=\"text-align: justify;\">D\u0131\u015fi\u015fleri ve Gurbet\u00e7iler Bakan\u0131, iki \u00fclkenin Amerika&#8217;n\u0131n b\u00f6lgede hegemonya kurma giri\u015fimleri ve siyasi haritas\u0131n\u0131 de\u011fi\u015ftirme aray\u0131\u015f\u0131n\u0131n temsil etti\u011fi ortak zorluklarla kar\u015f\u0131 kar\u015f\u0131ya oldu\u011funu a\u00e7\u0131klayarak, b\u00f6lgenin ve halk\u0131n\u0131n g\u00fcvenli\u011fini ve istikrar\u0131n\u0131 sa\u011flamak i\u00e7in bu konunun ele al\u0131nmas\u0131 gerekti\u011fini kaydetti.<\/p>\n<p style=\"text-align: justify;\">Cumhurba\u015fkan\u0131 Peze\u015fkiyan, \u0130ran \u0130slam Cumhuriyeti&#8217;nin Suriye ile \u00e7e\u015fitli alanlardaki ili\u015fkilerini geli\u015ftirme ve derinle\u015ftirme konusundaki isteklili\u011fini vurgulayarak, bu ba\u011flamda, iki \u00fclke yetkilileri aras\u0131ndaki ortak \u00e7\u0131karlara hizmet edecek \u015fekilde kar\u015f\u0131l\u0131kl\u0131 ziyaretlerin yo\u011funla\u015ft\u0131r\u0131lmas\u0131n\u0131n \u00f6nemine dikkat \u00e7ekti.<\/p>\n<p style=\"text-align: justify;\">Cumhurba\u015fkan\u0131 Peze\u015fkiyan\u00a0 ayr\u0131ca Bakan Sabba\u011f&#8217;\u0131n Cumhurba\u015fkan\u0131 Esad&#8217;a selamlar\u0131n\u0131 ileterek, Suriye ziyareti davetinden dolay\u0131 te\u015fekk\u00fcrlerini iletti ve bu daveti en k\u0131sa s\u00fcrede yerine getirece\u011finin s\u00f6z\u00fcn\u00fc verdi.<\/p>\n<p style=\"text-align: justify;\">G\u00f6r\u00fc\u015fmeye D\u0131\u015fi\u015fleri Bakan\u0131\u2019n\u0131n beraberindeki resmi heyet ve Suriye&#8217;nin Tahran B\u00fcy\u00fckel\u00e7isi\u00a0 \u015eefik Dayub\u00a0 kat\u0131ld\u0131.<\/p>\n<p style=\"text-align: center;\"><strong><a href=\"https:\/\/t.me\/SuriyeArapHaberAjansI\">Telegram Kanal\u0131m\u0131z\u00a0<\/a><span style=\"color: #ff0000;\">||<\/span><a href=\"https:\/\/twitter.com\/arap_ajans\">X Platformumuz\u00a0<\/a><span style=\"color: #ff0000;\">||<\/span><a href=\"https:\/\/www.facebook.com\/SANAHaberAjansi\/\">Facebook Sayfam\u0131z<\/a><\/strong><\/p>\n<div id='gallery-1' class='gallery galleryid-311877 gallery-columns-1 gallery-size-full'><figure class='gallery-item'>\n\t\t\t<div class='gallery-icon landscape'>\n\t\t\t\t<a href='https:\/\/archive.sana.sy\/tr\/?attachment_id=311880'><img loading=\"lazy\" decoding=\"async\" width=\"660\" height=\"440\" src=\"https:\/\/archive.sana.sy\/tr\/wp-content\/uploads\/2024\/11\/1-14.jpg\" class=\"attachment-full size-full\" alt=\"\" srcset=\"https:\/\/archive.sana.sy\/tr\/wp-content\/uploads\/2024\/11\/1-14.jpg 660w, https:\/\/archive.sana.sy\/tr\/wp-content\/uploads\/2024\/11\/1-14-300x200.jpg 300w\" sizes=\"auto, (max-width: 660px) 100vw, 660px\" \/><\/a>\n\t\t\t<\/div><\/figure><figure class='gallery-item'>\n\t\t\t<div class='gallery-icon landscape'>\n\t\t\t\t<a href='https:\/\/archive.sana.sy\/tr\/?attachment_id=311882'><img loading=\"lazy\" decoding=\"async\" width=\"660\" height=\"440\" src=\"https:\/\/archive.sana.sy\/tr\/wp-content\/uploads\/2024\/11\/3-10.jpg\" class=\"attachment-full size-full\" alt=\"\" srcset=\"https:\/\/archive.sana.sy\/tr\/wp-content\/uploads\/2024\/11\/3-10.jpg 660w, https:\/\/archive.sana.sy\/tr\/wp-content\/uploads\/2024\/11\/3-10-300x200.jpg 300w\" sizes=\"auto, (max-width: 660px) 100vw, 660px\" \/><\/a>\n\t\t\t<\/div><\/figure><figure class='gallery-item'>\n\t\t\t<div class='gallery-icon landscape'>\n\t\t\t\t<a href='https:\/\/archive.sana.sy\/tr\/?attachment_id=311883'><img loading=\"lazy\" decoding=\"async\" width=\"660\" height=\"440\" src=\"https:\/\/archive.sana.sy\/tr\/wp-content\/uploads\/2024\/11\/2-13.jpg\" class=\"attachment-full size-full\" alt=\"\" srcset=\"https:\/\/archive.sana.sy\/tr\/wp-content\/uploads\/2024\/11\/2-13.jpg 660w, https:\/\/archive.sana.sy\/tr\/wp-content\/uploads\/2024\/11\/2-13-300x200.jpg 300w\" sizes=\"auto, (max-width: 660px) 100vw, 660px\" \/><\/a>\n\t\t\t<\/div><\/figure>\n\t\t<\/div>\n\n<p>&nbsp;<\/p>\n","protected":false},"excerpt":{"rendered":"<p>TARAN (SANA) &#8211; \u0130ran \u0130slam Cumhuriyeti Cumhurba\u015fkan\u0131 Mesud Peze\u015fkiyan\u2019\u0131n bu ak\u015fam Tahran&#8217;da D\u0131\u015fi\u015fleri ve Gurbet\u00e7iler Bakan\u0131 Bessam Sabba\u011f&#8217;\u0131 kabul etti\u011fi g\u00f6r\u00fc\u015fmede, bir\u00e7ok alanda stratejik ili\u015fkileri ve i\u015fbirli\u011fi bulunan iki \u00fclke aras\u0131ndaki ikili ili\u015fkilerin geli\u015ftirilmesi ele al\u0131nd\u0131. Bakan Sabba\u011f, Cumhurba\u015fkan\u0131 Be\u015f\u015far Esad&#8217;\u0131n selamlar\u0131n\u0131 Cumhurba\u015fkan\u0131 Peze\u015fkiyan&#8217;a ve Suriye ziyaret davetini ileterek, iki \u00fclkenin ortak \u00e7abalar\u0131n\u0131n hem kendi &hellip;<\/p>\n","protected":false},"author":44,"featured_media":311878,"comment_status":"closed","ping_status":"closed","sticky":false,"template":"","format":"standard","meta":{"footnotes":""},"categories":[458,459,17988],"tags":[],"class_list":["post-311877","post","type-post","status-publish","format-standard","has-post-thumbnail","","category-dunya1","category-haberler-arap-uluslararasi-politika","category-son-haberler"],"_links":{"self":[{"href":"https:\/\/archive.sana.sy\/tr\/index.php?rest_route=\/wp\/v2\/posts\/311877","targetHints":{"allow":["GET"]}}],"collection":[{"href":"https:\/\/archive.sana.sy\/tr\/index.php?rest_route=\/wp\/v2\/posts"}],"about":[{"href":"https:\/\/archive.sana.sy\/tr\/index.php?rest_route=\/wp\/v2\/types\/post"}],"author":[{"embeddable":true,"href":"https:\/\/archive.sana.sy\/tr\/index.php?rest_route=\/wp\/v2\/users\/44"}],"replies":[{"embeddable":true,"href":"https:\/\/archive.sana.sy\/tr\/index.php?rest_route=%2Fwp%2Fv2%2Fcomments&post=311877"}],"version-history":[{"count":5,"href":"https:\/\/archive.sana.sy\/tr\/index.php?rest_route=\/wp\/v2\/posts\/311877\/revisions"}],"predecessor-version":[{"id":311897,"href":"https:\/\/archive.sana.sy\/tr\/index.php?rest_route=\/wp\/v2\/posts\/311877\/revisions\/311897"}],"wp:featuredmedia":[{"embeddable":true,"href":"https:\/\/archive.sana.sy\/tr\/index.php?rest_route=\/wp\/v2\/media\/311878"}],"wp:attachment":[{"href":"https:\/\/archive.sana.sy\/tr\/index.php?rest_route=%2Fwp%2Fv2%2Fmedia&parent=311877"}],"wp:term":[{"taxonomy":"category","embeddable":true,"href":"https:\/\/archive.sana.sy\/tr\/index.php?rest_route=%2Fwp%2Fv2%2Fcategories&post=311877"},{"taxonomy":"post_tag","embeddable":true,"href":"https:\/\/archive.sana.sy\/tr\/index.php?rest_route=%2Fwp%2Fv2%2Ftags&post=311877"}],"curies":[{"name":"wp","href":"https:\/\/api.w.org\/{rel}","templated":true}]}}