{"id":311885,"date":"2024-11-21T17:45:43","date_gmt":"2024-11-21T14:45:43","guid":{"rendered":"https:\/\/sana.sy\/tr\/?p=311885"},"modified":"2024-11-21T17:57:06","modified_gmt":"2024-11-21T14:57:06","slug":"israilin-lubnanin-bazi-bolgelerine-duzenledigi-hava-saldirganliklari-sonucu-22-sehit","status":"publish","type":"post","link":"https:\/\/archive.sana.sy\/tr\/?p=311885","title":{"rendered":"\u0130srail&#8217;in L\u00fcbnan&#8217;\u0131n Baz\u0131 B\u00f6lgelerine D\u00fczenledi\u011fi Hava Sald\u0131rganl\u0131klar\u0131 Sonucu 22 \u015eehit"},"content":{"rendered":"<p style=\"text-align: justify;\"><span style=\"color: #800000;\"><strong>BEYRUT (SANA)<\/strong> <\/span>&#8211;\u00a0 \u0130srail d\u00fc\u015fman u\u00e7aklar\u0131n\u0131n L\u00fcbnan&#8217;\u0131n \u00e7e\u015fitli b\u00f6lgelerini hedef ald\u0131\u011f\u0131 bir dizi sald\u0131rganl\u0131k sonucu 22 ki\u015fi \u015fehit oldu, 49 ki\u015fi de yaraland\u0131.<\/p>\n<p style=\"text-align: justify;\">L\u00fcbnan Haber Ajans\u0131, Sa\u011fl\u0131k Bakanl\u0131\u011f\u0131&#8217;n\u0131n bug\u00fcn yapt\u0131\u011f\u0131 a\u00e7\u0131klamada \u015funlar\u0131 s\u00f6yledi\u011fini aktard\u0131: \u2018\u2019D\u00fc\u015fman \u0130srail\u2019in d\u00fcn gece Sur il\u00e7esine ba\u011fl\u0131 Muharebe kasabas\u0131na d\u00fczenledi\u011fi bir dizi sald\u0131r\u0131lar\u0131, 13 ki\u015finin \u015fehit d\u00fc\u015fmesine, 44 ki\u015finin de yaralanmas\u0131na yol a\u00e7t\u0131. Bu arada Sur il\u00e7esine ba\u011fl\u0131 \u015eaitiye beldesine d\u00fczenlenen sald\u0131rganl\u0131kta 3 ki\u015fi \u015fehit d\u00fc\u015ft\u00fc, 5 ki\u015fi de yaraland\u0131.\u2019\u2019<\/p>\n<p style=\"text-align: justify;\">A\u00e7\u0131klamada ayr\u0131ca \u015fu ifadelere yer verildi: \u2018\u2019D\u00fc\u015fman sava\u015f u\u00e7aklar\u0131, L\u00fcbnan&#8217;\u0131n do\u011fusundaki Beka&#8217;n\u0131n Yunine kasabas\u0131nda bir eve sald\u0131r\u0131 d\u00fczenleyerek 5 vatanda\u015f\u0131n \u015fehit d\u00fc\u015fmesine ve evin tamamen y\u0131k\u0131lmas\u0131na neden oldu. Adlun kasabas\u0131na yap\u0131lan d\u00fc\u015fman bask\u0131n\u0131 da bir ki\u015finin \u015fehit d\u00fc\u015fmesine yol a\u00e7t\u0131.\u2019\u2019<\/p>\n<p style=\"text-align: justify;\">Buna ek olarak, d\u00fc\u015fman sava\u015f u\u00e7aklar\u0131 Haret Hreyik ve El Kafaat b\u00f6lgelerini hedef alarak g\u00fcney banliy\u00f6lerine bir dizi \u015fiddetli sald\u0131r\u0131 d\u00fczenledi ve bu da \u00e7ok say\u0131da konut binas\u0131n\u0131n y\u0131k\u0131lmas\u0131na yol a\u00e7t\u0131. D\u00fc\u015fman u\u00e7laklar\u0131 da, Ramadi, Nakura, Bayyada ve Tayir Harfa da dahil olmak \u00fczere bir dizi g\u00fcney k\u00f6y\u00fcne bask\u0131nlar d\u00fczenledi.<\/p>\n<p style=\"text-align: justify;\">Baalbek&#8217;te d\u00fc\u015fman u\u00e7aklar\u0131, Cardiya b\u00f6lgesi y\u00f6n\u00fcnde Nahla kasabas\u0131n\u0131n eteklerine ve Beyt \u015eama kasabas\u0131na sald\u0131r\u0131 d\u00fczenledi.<\/p>\n<p style=\"text-align: justify;\">G\u00fcneydeki Bnt Cuneyik b\u00f6lgesine ise bask\u0131nlar El Mansuri, El Tiri, El Burc E \u015eemali ve Zavtar El \u015eerkiye kasabalar\u0131n\u0131 kapsad\u0131.<\/p>\n<p style=\"text-align: center;\"><strong><a href=\"https:\/\/t.me\/SuriyeArapHaberAjansI\">Telegram Kanal\u0131m\u0131z\u00a0<\/a><span style=\"color: #ff0000;\">||<\/span><a href=\"https:\/\/twitter.com\/arap_ajans\">X Platformumuz\u00a0<\/a><span style=\"color: #ff0000;\">||<\/span><a href=\"https:\/\/www.facebook.com\/SANAHaberAjansi\/\">Facebook Sayfam\u0131z<\/a><\/strong><\/p>\n","protected":false},"excerpt":{"rendered":"<p>BEYRUT (SANA) &#8211;\u00a0 \u0130srail d\u00fc\u015fman u\u00e7aklar\u0131n\u0131n L\u00fcbnan&#8217;\u0131n \u00e7e\u015fitli b\u00f6lgelerini hedef ald\u0131\u011f\u0131 bir dizi sald\u0131rganl\u0131k sonucu 22 ki\u015fi \u015fehit oldu, 49 ki\u015fi de yaraland\u0131. L\u00fcbnan Haber Ajans\u0131, Sa\u011fl\u0131k Bakanl\u0131\u011f\u0131&#8217;n\u0131n bug\u00fcn yapt\u0131\u011f\u0131 a\u00e7\u0131klamada \u015funlar\u0131 s\u00f6yledi\u011fini aktard\u0131: \u2018\u2019D\u00fc\u015fman \u0130srail\u2019in d\u00fcn gece Sur il\u00e7esine ba\u011fl\u0131 Muharebe kasabas\u0131na d\u00fczenledi\u011fi bir dizi sald\u0131r\u0131lar\u0131, 13 ki\u015finin \u015fehit d\u00fc\u015fmesine, 44 ki\u015finin de yaralanmas\u0131na &hellip;<\/p>\n","protected":false},"author":44,"featured_media":311888,"comment_status":"closed","ping_status":"closed","sticky":false,"template":"","format":"standard","meta":{"footnotes":""},"categories":[458,589,459,17988],"tags":[],"class_list":["post-311885","post","type-post","status-publish","format-standard","has-post-thumbnail","","category-dunya1","category-haber-seridi","category-haberler-arap-uluslararasi-politika","category-son-haberler"],"_links":{"self":[{"href":"https:\/\/archive.sana.sy\/tr\/index.php?rest_route=\/wp\/v2\/posts\/311885","targetHints":{"allow":["GET"]}}],"collection":[{"href":"https:\/\/archive.sana.sy\/tr\/index.php?rest_route=\/wp\/v2\/posts"}],"about":[{"href":"https:\/\/archive.sana.sy\/tr\/index.php?rest_route=\/wp\/v2\/types\/post"}],"author":[{"embeddable":true,"href":"https:\/\/archive.sana.sy\/tr\/index.php?rest_route=\/wp\/v2\/users\/44"}],"replies":[{"embeddable":true,"href":"https:\/\/archive.sana.sy\/tr\/index.php?rest_route=%2Fwp%2Fv2%2Fcomments&post=311885"}],"version-history":[{"count":1,"href":"https:\/\/archive.sana.sy\/tr\/index.php?rest_route=\/wp\/v2\/posts\/311885\/revisions"}],"predecessor-version":[{"id":311886,"href":"https:\/\/archive.sana.sy\/tr\/index.php?rest_route=\/wp\/v2\/posts\/311885\/revisions\/311886"}],"wp:featuredmedia":[{"embeddable":true,"href":"https:\/\/archive.sana.sy\/tr\/index.php?rest_route=\/wp\/v2\/media\/311888"}],"wp:attachment":[{"href":"https:\/\/archive.sana.sy\/tr\/index.php?rest_route=%2Fwp%2Fv2%2Fmedia&parent=311885"}],"wp:term":[{"taxonomy":"category","embeddable":true,"href":"https:\/\/archive.sana.sy\/tr\/index.php?rest_route=%2Fwp%2Fv2%2Fcategories&post=311885"},{"taxonomy":"post_tag","embeddable":true,"href":"https:\/\/archive.sana.sy\/tr\/index.php?rest_route=%2Fwp%2Fv2%2Ftags&post=311885"}],"curies":[{"name":"wp","href":"https:\/\/api.w.org\/{rel}","templated":true}]}}