{"id":311901,"date":"2024-11-21T10:53:29","date_gmt":"2024-11-21T07:53:29","guid":{"rendered":"https:\/\/sana.sy\/tr\/?p=311901"},"modified":"2024-11-21T18:59:44","modified_gmt":"2024-11-21T15:59:44","slug":"uluslararasi-ceza-mahkemesi-savas-suclari-islemekten-netanyahu-ve-gallant-hakkinda-iki-tutuklama-emri-cikardi","status":"publish","type":"post","link":"https:\/\/archive.sana.sy\/tr\/?p=311901","title":{"rendered":"Uluslararas\u0131 Ceza Mahkemesi, Sava\u015f Su\u00e7lar\u0131 \u0130\u015flemekten Netanyahu Ve Gallant Hakk\u0131nda \u0130ki Tutuklama Emri \u00c7\u0131kard\u0131"},"content":{"rendered":"<p style=\"text-align: justify;\"><strong><span style=\"color: #800000;\">LAHEY (SANA)<\/span> &#8211;<\/strong>\u00a0 Uluslararas\u0131 Ceza Mahkemesi, \u0130srail varl\u0131\u011f\u0131n\u0131n Ba\u015fbakan\u0131 Binyamin Netanyahu ve eski Savunma Bakan\u0131 Yoav Galant hakk\u0131nda Gazze \u015eeridi&#8217;nde sava\u015f su\u00e7lar\u0131 i\u015flemekten iki tutuklama emri \u00e7\u0131kard\u0131.<\/p>\n<p style=\"text-align: justify;\">Mahkeme, Filistin Wafa Ajans\u0131 taraf\u0131ndan bug\u00fcn yap\u0131lan a\u00e7\u0131klamada Netanyahu ve Gallant&#8217;\u0131n Gazze \u015eeridi&#8217;nde sivillere kar\u015f\u0131 su\u00e7 i\u015fledi\u011fine inanmak i\u00e7in mant\u0131kl\u0131 nedenler bulundu\u011funu a\u00e7\u0131klayarak, kendilerine atfedilen sava\u015f su\u00e7lar\u0131n\u0131n, a\u00e7l\u0131\u011f\u0131n bir sava\u015f silah\u0131 olarak kullan\u0131lmas\u0131n\u0131n yan\u0131 s\u0131ra cinayet, zul\u00fcm ve di\u011fer insanl\u0131k d\u0131\u015f\u0131 eylemler gibi insanl\u0131\u011fa kar\u015f\u0131 su\u00e7lar\u0131 da i\u00e7erdi\u011fini kaydetti.<\/p>\n<p style=\"text-align: justify;\">Mahkeme ayr\u0131ca, Netanyahu ve Gallant&#8217;\u0131n kas\u0131tl\u0131 olarak Gazze \u015eeridi sakinlerini yiyecek, su, ila\u00e7 ve t\u0131bbi mazleme da dahil olmak \u00fczere hayatta kalmalar\u0131 i\u00e7in vazge\u00e7ilmez olan \u015feylerden mahrum b\u0131rakt\u0131\u011f\u0131n\u0131 belirtti.<\/p>\n<p style=\"text-align: center;\"><strong><a href=\"https:\/\/t.me\/SuriyeArapHaberAjansI\">Telegram Kanal\u0131m\u0131z\u00a0<\/a><span style=\"color: #ff0000;\">||<\/span><a href=\"https:\/\/twitter.com\/arap_ajans\">X Platformumuz\u00a0<\/a><span style=\"color: #ff0000;\">||<\/span><a href=\"https:\/\/www.facebook.com\/SANAHaberAjansi\/\">Facebook Sayfam\u0131z<\/a><\/strong><\/p>\n","protected":false},"excerpt":{"rendered":"<p>LAHEY (SANA) &#8211;\u00a0 Uluslararas\u0131 Ceza Mahkemesi, \u0130srail varl\u0131\u011f\u0131n\u0131n Ba\u015fbakan\u0131 Binyamin Netanyahu ve eski Savunma Bakan\u0131 Yoav Galant hakk\u0131nda Gazze \u015eeridi&#8217;nde sava\u015f su\u00e7lar\u0131 i\u015flemekten iki tutuklama emri \u00e7\u0131kard\u0131. Mahkeme, Filistin Wafa Ajans\u0131 taraf\u0131ndan bug\u00fcn yap\u0131lan a\u00e7\u0131klamada Netanyahu ve Gallant&#8217;\u0131n Gazze \u015eeridi&#8217;nde sivillere kar\u015f\u0131 su\u00e7 i\u015fledi\u011fine inanmak i\u00e7in mant\u0131kl\u0131 nedenler bulundu\u011funu a\u00e7\u0131klayarak, kendilerine atfedilen sava\u015f su\u00e7lar\u0131n\u0131n, a\u00e7l\u0131\u011f\u0131n &hellip;<\/p>\n","protected":false},"author":44,"featured_media":311902,"comment_status":"closed","ping_status":"closed","sticky":false,"template":"","format":"standard","meta":{"footnotes":""},"categories":[458,589,459,479,17988],"tags":[],"class_list":["post-311901","post","type-post","status-publish","format-standard","has-post-thumbnail","","category-dunya1","category-haber-seridi","category-haberler-arap-uluslararasi-politika","category-haberler-yerel","category-son-haberler"],"_links":{"self":[{"href":"https:\/\/archive.sana.sy\/tr\/index.php?rest_route=\/wp\/v2\/posts\/311901","targetHints":{"allow":["GET"]}}],"collection":[{"href":"https:\/\/archive.sana.sy\/tr\/index.php?rest_route=\/wp\/v2\/posts"}],"about":[{"href":"https:\/\/archive.sana.sy\/tr\/index.php?rest_route=\/wp\/v2\/types\/post"}],"author":[{"embeddable":true,"href":"https:\/\/archive.sana.sy\/tr\/index.php?rest_route=\/wp\/v2\/users\/44"}],"replies":[{"embeddable":true,"href":"https:\/\/archive.sana.sy\/tr\/index.php?rest_route=%2Fwp%2Fv2%2Fcomments&post=311901"}],"version-history":[{"count":3,"href":"https:\/\/archive.sana.sy\/tr\/index.php?rest_route=\/wp\/v2\/posts\/311901\/revisions"}],"predecessor-version":[{"id":311905,"href":"https:\/\/archive.sana.sy\/tr\/index.php?rest_route=\/wp\/v2\/posts\/311901\/revisions\/311905"}],"wp:featuredmedia":[{"embeddable":true,"href":"https:\/\/archive.sana.sy\/tr\/index.php?rest_route=\/wp\/v2\/media\/311902"}],"wp:attachment":[{"href":"https:\/\/archive.sana.sy\/tr\/index.php?rest_route=%2Fwp%2Fv2%2Fmedia&parent=311901"}],"wp:term":[{"taxonomy":"category","embeddable":true,"href":"https:\/\/archive.sana.sy\/tr\/index.php?rest_route=%2Fwp%2Fv2%2Fcategories&post=311901"},{"taxonomy":"post_tag","embeddable":true,"href":"https:\/\/archive.sana.sy\/tr\/index.php?rest_route=%2Fwp%2Fv2%2Ftags&post=311901"}],"curies":[{"name":"wp","href":"https:\/\/api.w.org\/{rel}","templated":true}]}}