{"id":311906,"date":"2024-11-21T05:23:54","date_gmt":"2024-11-21T02:23:54","guid":{"rendered":"https:\/\/sana.sy\/tr\/?p=311906"},"modified":"2024-11-21T19:55:38","modified_gmt":"2024-11-21T16:55:38","slug":"suriye-erkek-basketbol-takimi-yarin-bahreynli-mevkidasi-ile-karsilasacak","status":"publish","type":"post","link":"https:\/\/archive.sana.sy\/tr\/?p=311906","title":{"rendered":"Suriye Erkek Basketbol Tak\u0131m\u0131 Yar\u0131n Bahreynli Mevkida\u015f\u0131 \u0130le Kar\u015f\u0131la\u015facak"},"content":{"rendered":"<p style=\"text-align: justify;\"><span style=\"color: #800000;\"><strong>BAHREYN (SANA)<\/strong> <\/span>&#8211; Yar\u0131n Suriyeli basketbolseverlerin dikkati, 2025 Asya Kupas\u0131 elemeleri ikinci turu ilk ma\u00e7\u0131nda Suriye erkek milli tak\u0131m\u0131n\u0131n Bahreynli mevkida\u015f\u0131 ile oynayaca\u011f\u0131 ma\u00e7\u0131 izlemek \u00fczere Bahreyn&#8217;in ba\u015fkenti Manama&#8217;ya \u00e7evriliyor.<\/p>\n<p style=\"text-align: justify;\">Yar\u0131nki ma\u00e7 \u00f6ncesinde Suriye milli tak\u0131m\u0131, elemelerde \u00f6nde gelen L\u00fcbnan milli tak\u0131m\u0131n\u0131n ard\u0131ndan &#8220;alt\u0131nc\u0131&#8221; grupta ikinci s\u0131rada yer al\u0131yor. Tak\u0131m\u0131m\u0131z ilk periyotta Emirates&#8217;i 78\/63 puanla kazan\u0131rken, L\u00fcbnan&#8217;a ise 78\/87 puanla yenildi.<\/p>\n<p style=\"text-align: justify;\">Elemelerin sonunda alt\u0131 gruptan birinci ve ikinci s\u0131ray\u0131 tamamlayanlar yakla\u015fan Asya Finallerine kat\u0131lmaya hak kazan\u0131rken, \u00fc\u00e7\u00fcnc\u00fc s\u0131rada bitirenler ise d\u00f6rt tak\u0131m\u0131n hak kazanaca\u011f\u0131 &#8220;alt\u0131 tak\u0131ml\u0131&#8221; play-off&#8217;a gidecek.<\/p>\n<p style=\"text-align: center;\"><strong><a href=\"https:\/\/t.me\/SuriyeArapHaberAjansI\">Telegram Kanal\u0131m\u0131z\u00a0<\/a><span style=\"color: #ff0000;\">||<\/span><a href=\"https:\/\/twitter.com\/arap_ajans\">X Platformumuz\u00a0<\/a><span style=\"color: #ff0000;\">||<\/span><a href=\"https:\/\/www.facebook.com\/SANAHaberAjansi\/\">Facebook Sayfam\u0131z<\/a><\/strong><\/p>\n<p style=\"text-align: justify;\">\n","protected":false},"excerpt":{"rendered":"<p>BAHREYN (SANA) &#8211; Yar\u0131n Suriyeli basketbolseverlerin dikkati, 2025 Asya Kupas\u0131 elemeleri ikinci turu ilk ma\u00e7\u0131nda Suriye erkek milli tak\u0131m\u0131n\u0131n Bahreynli mevkida\u015f\u0131 ile oynayaca\u011f\u0131 ma\u00e7\u0131 izlemek \u00fczere Bahreyn&#8217;in ba\u015fkenti Manama&#8217;ya \u00e7evriliyor. Yar\u0131nki ma\u00e7 \u00f6ncesinde Suriye milli tak\u0131m\u0131, elemelerde \u00f6nde gelen L\u00fcbnan milli tak\u0131m\u0131n\u0131n ard\u0131ndan &#8220;alt\u0131nc\u0131&#8221; grupta ikinci s\u0131rada yer al\u0131yor. Tak\u0131m\u0131m\u0131z ilk periyotta Emirates&#8217;i 78\/63 puanla &hellip;<\/p>\n","protected":false},"author":44,"featured_media":311908,"comment_status":"closed","ping_status":"closed","sticky":false,"template":"","format":"standard","meta":{"footnotes":""},"categories":[458,498,459,17988,496],"tags":[],"class_list":["post-311906","post","type-post","status-publish","format-standard","has-post-thumbnail","","category-dunya1","category-dunya-turnuvalari","category-haberler-arap-uluslararasi-politika","category-son-haberler","category-spor"],"_links":{"self":[{"href":"https:\/\/archive.sana.sy\/tr\/index.php?rest_route=\/wp\/v2\/posts\/311906","targetHints":{"allow":["GET"]}}],"collection":[{"href":"https:\/\/archive.sana.sy\/tr\/index.php?rest_route=\/wp\/v2\/posts"}],"about":[{"href":"https:\/\/archive.sana.sy\/tr\/index.php?rest_route=\/wp\/v2\/types\/post"}],"author":[{"embeddable":true,"href":"https:\/\/archive.sana.sy\/tr\/index.php?rest_route=\/wp\/v2\/users\/44"}],"replies":[{"embeddable":true,"href":"https:\/\/archive.sana.sy\/tr\/index.php?rest_route=%2Fwp%2Fv2%2Fcomments&post=311906"}],"version-history":[{"count":1,"href":"https:\/\/archive.sana.sy\/tr\/index.php?rest_route=\/wp\/v2\/posts\/311906\/revisions"}],"predecessor-version":[{"id":311907,"href":"https:\/\/archive.sana.sy\/tr\/index.php?rest_route=\/wp\/v2\/posts\/311906\/revisions\/311907"}],"wp:featuredmedia":[{"embeddable":true,"href":"https:\/\/archive.sana.sy\/tr\/index.php?rest_route=\/wp\/v2\/media\/311908"}],"wp:attachment":[{"href":"https:\/\/archive.sana.sy\/tr\/index.php?rest_route=%2Fwp%2Fv2%2Fmedia&parent=311906"}],"wp:term":[{"taxonomy":"category","embeddable":true,"href":"https:\/\/archive.sana.sy\/tr\/index.php?rest_route=%2Fwp%2Fv2%2Fcategories&post=311906"},{"taxonomy":"post_tag","embeddable":true,"href":"https:\/\/archive.sana.sy\/tr\/index.php?rest_route=%2Fwp%2Fv2%2Ftags&post=311906"}],"curies":[{"name":"wp","href":"https:\/\/api.w.org\/{rel}","templated":true}]}}