{"id":311910,"date":"2024-11-22T10:35:44","date_gmt":"2024-11-22T07:35:44","guid":{"rendered":"https:\/\/sana.sy\/tr\/?p=311910"},"modified":"2024-11-22T16:03:24","modified_gmt":"2024-11-22T13:03:24","slug":"ervani-israilin-suriye-topraklarina-tekrarlanan-saldirilar-benzeri-gorulmemis-bir-suc-duzeyine-ulasti","status":"publish","type":"post","link":"https:\/\/archive.sana.sy\/tr\/?p=311910","title":{"rendered":"\u0130rvani: \u0130srail&#8217;in Suriye Topraklar\u0131na Tekrarlanan Sald\u0131rganl\u0131klar Benzeri G\u00f6r\u00fclmemi\u015f Bir Su\u00e7 D\u00fczeyine Ula\u015ft\u0131"},"content":{"rendered":"<p style=\"text-align: justify;\"><span style=\"color: #800000;\"><strong>NEW YORK (SANA)<\/strong> <\/span>&#8211; \u0130ran&#8217;\u0131n Birle\u015fmi\u015f Milletler Daimi Temsilcisi Emir Said \u0130rvani, \u0130srail&#8217;in Suriye topraklar\u0131na y\u00f6nelik tekrarlanan sald\u0131rganl\u0131klar\u0131n\u0131n benzeri g\u00f6r\u00fclmemi\u015f bir su\u00e7 d\u00fczeyine ula\u015ft\u0131\u011f\u0131n\u0131, Suriye&#8217;nin egemenli\u011fi ve toprak b\u00fct\u00fcnl\u00fc\u011f\u00fcn\u00fcn yan\u0131 s\u0131ra uluslararas\u0131 hukuku da a\u00e7\u0131k\u00e7a ihlal etti\u011fini vurgulad\u0131.<\/p>\n<p style=\"text-align: justify;\">IRNA haber ajans\u0131n\u0131n aktard\u0131\u011f\u0131na g\u00f6re Ervani, BM G\u00fcvenlik Konseyi&#8217;nin Orta Do\u011fu ve Suriye&#8217;deki durumla ilgili oturumunda yapt\u0131\u011f\u0131 konu\u015fmada, &#8220;\u0130srail varl\u0131\u011f\u0131, ter\u00f6r \u00f6rg\u00fctleriyle koordineli olarak, Suriye&#8217;deki altyap\u0131y\u0131 fel\u00e7 etmeye y\u00f6nelik sald\u0131rganl\u0131klar\u0131nda sistematik ve hedefe y\u00f6nelik bir politika izliyor&#8221; dedi.<\/p>\n<p style=\"text-align: justify;\">\u0130rvani ayr\u0131ca,\u00a0 &#8220;Bu varl\u0131\u011f\u0131n Suriye&#8217;ye y\u00f6nelik s\u00fcrekli hava sald\u0131r\u0131lar\u0131 ve sald\u0131rgan eylemleri, sivilleri ve hayati altyap\u0131y\u0131 hedef alarak benzeri g\u00f6r\u00fclmemi\u015f bir d\u00fczeye ula\u015ft\u0131.. bu su\u00e7 eylemleri, Suriye&#8217;nin egemenli\u011fini ve toprak b\u00fct\u00fcnl\u00fc\u011f\u00fcn\u00fc, uluslararas\u0131 hukuku ve Birle\u015fmi\u015f Milletler \u015eart\u0131&#8217;n\u0131 a\u00e7\u0131k\u00e7a ihlal etmektedir&#8221; ifadelerini kulland\u0131.<\/p>\n<p style=\"text-align: justify;\">Ervani konu\u015fmas\u0131nda da,\u00a0 \u201cMaalesef \u0130srail varl\u0131\u011f\u0131n\u0131n dokunulmazl\u0131\u011f\u0131, ABD&#8217;nin ko\u015fulsuz deste\u011fi nedeniyle devam ediyor.. ve bu, kal\u0131c\u0131 olmayan on \u00fclkenin G\u00fcvenlik Konseyi&#8217;nde Gazze&#8217;de derhal ate\u015fkes sa\u011flanmas\u0131 i\u00e7in d\u00fcn \u00f6nerdi\u011fi karar tasla\u011f\u0131na kar\u015f\u0131 Amerikan vetosunda yeniden ortaya \u00e7\u0131kt\u0131\u201d diye devam etti.<\/p>\n<p style=\"text-align: justify;\">\u0130ranl\u0131 delege, bu su\u00e7lar\u0131n ve ihlallerin devam etmesi halinde k\u00fcresel sonu\u00e7lar\u0131 olacak y\u0131k\u0131c\u0131 bir sava\u015f riskinin mevcut oldu\u011fu konusunda da\u00a0 uyard\u0131.<\/p>\n<p style=\"text-align: justify;\">Oturum s\u0131ras\u0131ndaki Birle\u015fmi\u015f Milletler raporlar\u0131n\u0131n, y\u0131llarca s\u00fcren yabanc\u0131 i\u015fgali, ter\u00f6rizm ve tek tarafl\u0131 yapt\u0131r\u0131mlar\u0131n Suriye ekonomisi \u00fczerinde y\u0131k\u0131c\u0131 etkileri olmas\u0131 nedeniyle Suriye&#8217;deki insani ihtiya\u00e7lar\u0131n hala \u00e7ok b\u00fcy\u00fck oldu\u011funun alt\u0131n\u0131 \u00e7izdi\u011fine dikkat \u00e7eken \u0130rvan\u0131,\u00a0 &#8220;ABD ve m\u00fcttefikleri, tek tarafl\u0131 ve insanl\u0131k d\u0131\u015f\u0131 yapt\u0131r\u0131mlar uygulama ve bunlar\u0131 Suriye halk\u0131n\u0131 toplu olarak cezaland\u0131rmak i\u00e7in bir ara\u00e7 olarak kullanma y\u00f6n\u00fcndeki ba\u015far\u0131s\u0131z politikalar\u0131n\u0131 s\u00fcrd\u00fcr\u00fcyorlar&#8230; Bu uygulamalar yasa d\u0131\u015f\u0131d\u0131r ve ahlaki a\u00e7\u0131dan savunulamaz ve derhal durdurulmal\u0131d\u0131r&#8221; diye konu\u015ftu.<\/p>\n<p style=\"text-align: justify;\">\u0130ranl\u0131 delege, &#8220;Ayn\u0131 zamanda ABD ve \u0130ngiltere gibi baz\u0131 Avrupa \u00fclkeleri, insani yard\u0131m\u0131 siyasalla\u015ft\u0131rmaya ve Suriye&#8217;nin yeniden in\u015fas\u0131n\u0131 desteklemeye y\u00f6nelik uluslararas\u0131 \u00e7abalar\u0131 engellemeye \u00e7al\u0131\u015f\u0131rken, \u0130srail varl\u0131\u011f\u0131n\u0131n Suriye ile L\u00fcbnan aras\u0131ndaki s\u0131n\u0131r ge\u00e7i\u015flerine y\u00f6nelik devam eden sald\u0131r\u0131lar\u0131, hayati \u00f6nem ta\u015f\u0131yan yard\u0131mlar\u0131n ula\u015ft\u0131r\u0131lmas\u0131n\u0131 sekteye u\u011fratt\u0131 ve y\u00fcz binlerce insan\u0131 ka\u00e7mak zorunda b\u0131rakt\u0131&#8221; ifadelerini s\u00f6zlerine ekledi.<\/p>\n<p style=\"text-align: justify;\">\u00a0&#8220;Bu b\u00fcy\u00fck zorluklara ra\u011fmen, Suriye h\u00fck\u00fcmeti b\u00fcy\u00fck bir esneklik g\u00f6stermeye devam ediyor&#8230; ve yak\u0131n zamanda L\u00fcbnan&#8217;dan yerinden edilenler de dahil olmak \u00fczere m\u00fcltecilere yard\u0131m etmek i\u00e7in kaynaklar\u0131 harekete ge\u00e7irme y\u00f6n\u00fcndeki s\u00fcrekli \u00e7abalar\u0131n\u0131 takdir ediyoruz&#8221; diyen \u0130rvan\u0131, &#8221;uluslararas\u0131 topluma, m\u00fcltecilerin acil ihtiya\u00e7lar\u0131n\u0131n kar\u015f\u0131lanmas\u0131 i\u00e7in deste\u011fini art\u0131rma \u00e7a\u011fr\u0131s\u0131nda bulunuyoruz&#8221; a\u00e7\u0131klamda bulundu.<\/p>\n<p style=\"text-align: justify;\">\u0130rvani yapt\u0131\u011f\u0131 kon\u0131\u015fman\u0131n sonunda, \u0130ran&#8217;\u0131n Astana s\u00fcrecine olan s\u0131k\u0131 ba\u011fl\u0131l\u0131\u011f\u0131n\u0131 vurgularken, Kazakistan&#8217;da bu Kas\u0131m ay\u0131n\u0131n 11. ve 12. tarihlerinde d\u00fczenlenen yirmi ikinci toplant\u0131n\u0131n, Suriye Arap Cumhuriyeti&#8217;nin egemenli\u011fi, ba\u011f\u0131ms\u0131zl\u0131\u011f\u0131 ve b\u00f6lgesel b\u00fct\u00fcnl\u00fc\u011f\u00fcne olan ba\u011fl\u0131l\u0131\u011f\u0131 tekrar teyit etti\u011fini de belirtti.<\/p>\n<p style=\"text-align: center;\"><strong><a href=\"https:\/\/t.me\/SuriyeArapHaberAjansI\">Telegram Kanal\u0131m\u0131z\u00a0<\/a><span style=\"color: #ff0000;\">||<\/span><a href=\"https:\/\/twitter.com\/arap_ajans\">X Platformumuz\u00a0<\/a><span style=\"color: #ff0000;\">||<\/span><a href=\"https:\/\/www.facebook.com\/SANAHaberAjansi\/\">Facebook Sayfam\u0131z<\/a><\/strong><\/p>\n","protected":false},"excerpt":{"rendered":"<p>NEW YORK (SANA) &#8211; \u0130ran&#8217;\u0131n Birle\u015fmi\u015f Milletler Daimi Temsilcisi Emir Said \u0130rvani, \u0130srail&#8217;in Suriye topraklar\u0131na y\u00f6nelik tekrarlanan sald\u0131rganl\u0131klar\u0131n\u0131n benzeri g\u00f6r\u00fclmemi\u015f bir su\u00e7 d\u00fczeyine ula\u015ft\u0131\u011f\u0131n\u0131, Suriye&#8217;nin egemenli\u011fi ve toprak b\u00fct\u00fcnl\u00fc\u011f\u00fcn\u00fcn yan\u0131 s\u0131ra uluslararas\u0131 hukuku da a\u00e7\u0131k\u00e7a ihlal etti\u011fini vurgulad\u0131. IRNA haber ajans\u0131n\u0131n aktard\u0131\u011f\u0131na g\u00f6re Ervani, BM G\u00fcvenlik Konseyi&#8217;nin Orta Do\u011fu ve Suriye&#8217;deki durumla ilgili oturumunda yapt\u0131\u011f\u0131 &hellip;<\/p>\n","protected":false},"author":36,"featured_media":311911,"comment_status":"closed","ping_status":"closed","sticky":false,"template":"","format":"standard","meta":{"footnotes":""},"categories":[458,589,459,17988],"tags":[42925],"class_list":["post-311910","post","type-post","status-publish","format-standard","has-post-thumbnail","","category-dunya1","category-haber-seridi","category-haberler-arap-uluslararasi-politika","category-son-haberler","tag-irvani-israilin-suriye-topraklarina-tekrarlanan-saldirganliklar-benzeri-gorulmemis-bir-suc-duzeyine-ulasti"],"_links":{"self":[{"href":"https:\/\/archive.sana.sy\/tr\/index.php?rest_route=\/wp\/v2\/posts\/311910","targetHints":{"allow":["GET"]}}],"collection":[{"href":"https:\/\/archive.sana.sy\/tr\/index.php?rest_route=\/wp\/v2\/posts"}],"about":[{"href":"https:\/\/archive.sana.sy\/tr\/index.php?rest_route=\/wp\/v2\/types\/post"}],"author":[{"embeddable":true,"href":"https:\/\/archive.sana.sy\/tr\/index.php?rest_route=\/wp\/v2\/users\/36"}],"replies":[{"embeddable":true,"href":"https:\/\/archive.sana.sy\/tr\/index.php?rest_route=%2Fwp%2Fv2%2Fcomments&post=311910"}],"version-history":[{"count":3,"href":"https:\/\/archive.sana.sy\/tr\/index.php?rest_route=\/wp\/v2\/posts\/311910\/revisions"}],"predecessor-version":[{"id":311915,"href":"https:\/\/archive.sana.sy\/tr\/index.php?rest_route=\/wp\/v2\/posts\/311910\/revisions\/311915"}],"wp:featuredmedia":[{"embeddable":true,"href":"https:\/\/archive.sana.sy\/tr\/index.php?rest_route=\/wp\/v2\/media\/311911"}],"wp:attachment":[{"href":"https:\/\/archive.sana.sy\/tr\/index.php?rest_route=%2Fwp%2Fv2%2Fmedia&parent=311910"}],"wp:term":[{"taxonomy":"category","embeddable":true,"href":"https:\/\/archive.sana.sy\/tr\/index.php?rest_route=%2Fwp%2Fv2%2Fcategories&post=311910"},{"taxonomy":"post_tag","embeddable":true,"href":"https:\/\/archive.sana.sy\/tr\/index.php?rest_route=%2Fwp%2Fv2%2Ftags&post=311910"}],"curies":[{"name":"wp","href":"https:\/\/api.w.org\/{rel}","templated":true}]}}