{"id":311924,"date":"2024-11-22T17:01:50","date_gmt":"2024-11-22T14:01:50","guid":{"rendered":"https:\/\/sana.sy\/tr\/?p=311924"},"modified":"2024-11-23T13:27:03","modified_gmt":"2024-11-23T10:27:03","slug":"gazze-seridinin-cesitli-bolgelerine-duzenlenen-isgal-saldirganliklarinda-25-sehit-onlarca-yarali","status":"publish","type":"post","link":"https:\/\/archive.sana.sy\/tr\/?p=311924","title":{"rendered":"Gazze \u015eeridi&#8217;nin \u00c7e\u015fitli B\u00f6lgelerine D\u00fczenlenen \u0130\u015fgal Sald\u0131rganl\u0131klar\u0131nda 25 \u015eehit, Onlarca Yaral\u0131"},"content":{"rendered":"<p style=\"text-align: justify;\"><span style=\"color: #800000;\"><strong>\u0130\u015eGAL ED\u0130LEN KUD\u00dcS (SANA)<\/strong><\/span> &#8211;\u00a0 \u0130\u015fgalci \u0130srail&#8217;in Gazze \u015eeridi&#8217;nin \u00e7e\u015fitli b\u00f6lgelerini bu sabah bombalamas\u0131 sonucu 25 Filistinli \u015fehit oldu, onlarca ki\u015fi de yaraland\u0131.<\/p>\n<p style=\"text-align: justify;\">Filistin Wafa Ajans\u0131, \u2018\u2019\u0130\u015fgalcilerin, Han Yunus \u015fehrinin El Mawasi b\u00f6lgesinde yerinden edilmi\u015f insanlar\u0131n bar\u0131nd\u0131\u011f\u0131 bir \u00e7ad\u0131r\u0131 bombalamas\u0131 3 Filistinlinin \u00f6l\u00fcm\u00fcne yol a\u00e7t\u0131. \u0130\u015fgalcilerin Gazze \u015eeridi&#8217;nin g\u00fcneyinde Refah&#8217;\u0131n kuzeyindeki Hirbet el-Adas b\u00f6lgesini bombalamas\u0131 sonucu iki gen\u00e7 \u015fehit olurken, \u00e7ok say\u0131da gen\u00e7 de yaraland\u0131\u2019\u2019 dedi.<\/p>\n<p style=\"text-align: justify;\">Gazze \u015eehri&#8217;nde i\u015fgal u\u00e7aklar\u0131n\u0131n \u015fehrin do\u011fusundaki \u015eucaiye mahallesi ile bat\u0131s\u0131nda bir grup Filistinlinin evini bombalamas\u0131 sonucu 11 Filistinli \u015fehit oldu, \u00e7ok say\u0131da ki\u015fi de yaraland\u0131. D\u00fc\u015fman u\u00e7aklar\u0131n\u0131n Gazze \u015eeridi&#8217;nin merkezindeki Nuseyrat kamp\u0131 ve Deyir el-Balah kentindeki evleri bombalamas\u0131 sonucu 9 Filistinli \u015fehit oldu, \u00e7ok say\u0131da ki\u015fi de yaraland\u0131.<\/p>\n<p style=\"text-align: justify;\">Filistin Sa\u011fl\u0131k Bakanl\u0131\u011f\u0131 d\u00fcn, Gazze \u015eeridi&#8217;ne y\u00f6nelik devam eden i\u015fgal sald\u0131rganl\u0131klar\u0131nda ma\u011fdurlar\u0131n say\u0131s\u0131n\u0131n 44 bin 56 \u015fehit ve 104 bin 268 yaral\u0131ya y\u00fckseldi\u011fini duyurdu. \u00c7ok say\u0131da ma\u011fdur halen enkaz alt\u0131nda ve yollardayken, ambulans ve sivil savunma ekipleri onlara ula\u015fam\u0131yor.<\/p>\n<p style=\"text-align: center;\"><strong><a href=\"https:\/\/t.me\/SuriyeArapHaberAjansI\">Telegram Kanal\u0131m\u0131z\u00a0<\/a><span style=\"color: #ff0000;\">||<\/span><a href=\"https:\/\/twitter.com\/arap_ajans\">X Platformumuz\u00a0<\/a><span style=\"color: #ff0000;\">||<\/span><a href=\"https:\/\/www.facebook.com\/SANAHaberAjansi\/\">Facebook Sayfam\u0131z<\/a><\/strong><\/p>\n","protected":false},"excerpt":{"rendered":"<p>\u0130\u015eGAL ED\u0130LEN KUD\u00dcS (SANA) &#8211;\u00a0 \u0130\u015fgalci \u0130srail&#8217;in Gazze \u015eeridi&#8217;nin \u00e7e\u015fitli b\u00f6lgelerini bu sabah bombalamas\u0131 sonucu 25 Filistinli \u015fehit oldu, onlarca ki\u015fi de yaraland\u0131. Filistin Wafa Ajans\u0131, \u2018\u2019\u0130\u015fgalcilerin, Han Yunus \u015fehrinin El Mawasi b\u00f6lgesinde yerinden edilmi\u015f insanlar\u0131n bar\u0131nd\u0131\u011f\u0131 bir \u00e7ad\u0131r\u0131 bombalamas\u0131 3 Filistinlinin \u00f6l\u00fcm\u00fcne yol a\u00e7t\u0131. \u0130\u015fgalcilerin Gazze \u015eeridi&#8217;nin g\u00fcneyinde Refah&#8217;\u0131n kuzeyindeki Hirbet el-Adas b\u00f6lgesini bombalamas\u0131 &hellip;<\/p>\n","protected":false},"author":41,"featured_media":311925,"comment_status":"closed","ping_status":"closed","sticky":false,"template":"","format":"standard","meta":{"footnotes":""},"categories":[458,589,459,17988],"tags":[42928,1037],"class_list":["post-311924","post","type-post","status-publish","format-standard","has-post-thumbnail","","category-dunya1","category-haber-seridi","category-haberler-arap-uluslararasi-politika","category-son-haberler","tag-gazze-seridinin-cesitli-bolgelerine-duzenlenen-isgal-saldirganliklarinda-25-sehit","tag-onlarca-yarali"],"_links":{"self":[{"href":"https:\/\/archive.sana.sy\/tr\/index.php?rest_route=\/wp\/v2\/posts\/311924","targetHints":{"allow":["GET"]}}],"collection":[{"href":"https:\/\/archive.sana.sy\/tr\/index.php?rest_route=\/wp\/v2\/posts"}],"about":[{"href":"https:\/\/archive.sana.sy\/tr\/index.php?rest_route=\/wp\/v2\/types\/post"}],"author":[{"embeddable":true,"href":"https:\/\/archive.sana.sy\/tr\/index.php?rest_route=\/wp\/v2\/users\/41"}],"replies":[{"embeddable":true,"href":"https:\/\/archive.sana.sy\/tr\/index.php?rest_route=%2Fwp%2Fv2%2Fcomments&post=311924"}],"version-history":[{"count":1,"href":"https:\/\/archive.sana.sy\/tr\/index.php?rest_route=\/wp\/v2\/posts\/311924\/revisions"}],"predecessor-version":[{"id":311926,"href":"https:\/\/archive.sana.sy\/tr\/index.php?rest_route=\/wp\/v2\/posts\/311924\/revisions\/311926"}],"wp:featuredmedia":[{"embeddable":true,"href":"https:\/\/archive.sana.sy\/tr\/index.php?rest_route=\/wp\/v2\/media\/311925"}],"wp:attachment":[{"href":"https:\/\/archive.sana.sy\/tr\/index.php?rest_route=%2Fwp%2Fv2%2Fmedia&parent=311924"}],"wp:term":[{"taxonomy":"category","embeddable":true,"href":"https:\/\/archive.sana.sy\/tr\/index.php?rest_route=%2Fwp%2Fv2%2Fcategories&post=311924"},{"taxonomy":"post_tag","embeddable":true,"href":"https:\/\/archive.sana.sy\/tr\/index.php?rest_route=%2Fwp%2Fv2%2Ftags&post=311924"}],"curies":[{"name":"wp","href":"https:\/\/api.w.org\/{rel}","templated":true}]}}