{"id":311927,"date":"2024-11-22T17:04:39","date_gmt":"2024-11-22T14:04:39","guid":{"rendered":"https:\/\/sana.sy\/tr\/?p=311927"},"modified":"2024-11-22T17:04:39","modified_gmt":"2024-11-22T14:04:39","slug":"bm-gazze-ve-lubnandaki-insani-yardim-calisanlarini-hedef-alan-sorumlularin-hesap-vermesi-cagrisinda-bulundu","status":"publish","type":"post","link":"https:\/\/archive.sana.sy\/tr\/?p=311927","title":{"rendered":"BM, Gazze Ve L\u00fcbnan&#8217;daki \u0130nsani Yard\u0131m \u00c7al\u0131\u015fanlar\u0131n\u0131 Hedef Alan Sorumlular\u0131n Hesap Vermesi \u00c7a\u011fr\u0131s\u0131nda Bulundu"},"content":{"rendered":"<p style=\"text-align: justify;\"><strong><span style=\"color: #800000;\">CENEVRE (SANA)<\/span> &#8211;<\/strong>\u00a0 Birle\u015fmi\u015f Milletler bug\u00fcn, insani yard\u0131m \u00e7al\u0131\u015fanlar\u0131n\u0131n kurban say\u0131s\u0131n\u0131n bu y\u0131l 281 ile rekor seviyeye ula\u015fmas\u0131ndan sorumlular\u0131n hesap vermesi \u00e7a\u011fr\u0131s\u0131nda bulunarak, \u0130srail&#8217;in Gazze \u015eeridi ve L\u00fcbnan&#8217;a y\u00f6nelik sald\u0131rganl\u0131\u011f\u0131n\u0131n kurban say\u0131s\u0131n\u0131n artmas\u0131na neden oldu\u011funu vurgulad\u0131.<\/p>\n<p style=\"text-align: justify;\">Agence France-Presse, BM \u0130nsani \u0130\u015flerden Sorumlu Genel Sekreter Yard\u0131mc\u0131s\u0131 ve Acil Yard\u0131m Koordinat\u00f6r\u00fc Tom Fletcher&#8217;\u0131n bug\u00fcn yapt\u0131\u011f\u0131 a\u00e7\u0131klamada, &#8220;\u0130nsani yard\u0131m \u00e7al\u0131\u015fanlar\u0131 e\u015fi benzeri g\u00f6r\u00fclmemi\u015f bir oranda \u00f6ld\u00fcr\u00fcl\u00fcyor, cesaretleri ve insanl\u0131klar\u0131 kur\u015funlarla ve bombalarla \u00e7arp\u0131\u015f\u0131yor&#8221; diyerek, \u00a02024 y\u0131l\u0131n\u0131n insani yard\u0131m \u00e7al\u0131\u015fanlar\u0131 i\u00e7in bug\u00fcne kadarki en \u00f6l\u00fcmc\u00fcl y\u0131l haline geldi\u011fine dikkat \u00e7ekti\u011fini aktard\u0131.<\/p>\n<p style=\"text-align: justify;\">Fletcher, &#8220;bu \u015fiddetin kabul edilemez oldu\u011funu ve yard\u0131m operasyonlar\u0131na zarar verdi\u011fini&#8221; vurgulayarak \u015funlar\u0131 ekledi: &#8220;Uluslararas\u0131 hukuka sayg\u0131 g\u00f6sterilmeli, sorumlular yarg\u0131lanmal\u0131 ve bu cezas\u0131zl\u0131k d\u00f6nemine son verilmeli.&#8221;<\/p>\n<p style=\"text-align: center;\"><strong><a href=\"https:\/\/t.me\/SuriyeArapHaberAjansI\">Telegram Kanal\u0131m\u0131z\u00a0<\/a><span style=\"color: #ff0000;\">||<\/span><a href=\"https:\/\/twitter.com\/arap_ajans\">X Platformumuz\u00a0<\/a><span style=\"color: #ff0000;\">||<\/span><a href=\"https:\/\/www.facebook.com\/SANAHaberAjansi\/\">Facebook Sayfam\u0131z<\/a><\/strong><\/p>\n","protected":false},"excerpt":{"rendered":"<p>CENEVRE (SANA) &#8211;\u00a0 Birle\u015fmi\u015f Milletler bug\u00fcn, insani yard\u0131m \u00e7al\u0131\u015fanlar\u0131n\u0131n kurban say\u0131s\u0131n\u0131n bu y\u0131l 281 ile rekor seviyeye ula\u015fmas\u0131ndan sorumlular\u0131n hesap vermesi \u00e7a\u011fr\u0131s\u0131nda bulunarak, \u0130srail&#8217;in Gazze \u015eeridi ve L\u00fcbnan&#8217;a y\u00f6nelik sald\u0131rganl\u0131\u011f\u0131n\u0131n kurban say\u0131s\u0131n\u0131n artmas\u0131na neden oldu\u011funu vurgulad\u0131. Agence France-Presse, BM \u0130nsani \u0130\u015flerden Sorumlu Genel Sekreter Yard\u0131mc\u0131s\u0131 ve Acil Yard\u0131m Koordinat\u00f6r\u00fc Tom Fletcher&#8217;\u0131n bug\u00fcn yapt\u0131\u011f\u0131 a\u00e7\u0131klamada, &#8220;\u0130nsani &hellip;<\/p>\n","protected":false},"author":41,"featured_media":311928,"comment_status":"closed","ping_status":"closed","sticky":false,"template":"","format":"standard","meta":{"footnotes":""},"categories":[458,589,459,17988],"tags":[5730,42929],"class_list":["post-311927","post","type-post","status-publish","format-standard","has-post-thumbnail","","category-dunya1","category-haber-seridi","category-haberler-arap-uluslararasi-politika","category-son-haberler","tag-bm","tag-gazze-ve-lubnandaki-insani-yardim-calisanlarini-hedef-alan-sorumlularin-hesap-vermesi-cagrisinda-bulundu"],"_links":{"self":[{"href":"https:\/\/archive.sana.sy\/tr\/index.php?rest_route=\/wp\/v2\/posts\/311927","targetHints":{"allow":["GET"]}}],"collection":[{"href":"https:\/\/archive.sana.sy\/tr\/index.php?rest_route=\/wp\/v2\/posts"}],"about":[{"href":"https:\/\/archive.sana.sy\/tr\/index.php?rest_route=\/wp\/v2\/types\/post"}],"author":[{"embeddable":true,"href":"https:\/\/archive.sana.sy\/tr\/index.php?rest_route=\/wp\/v2\/users\/41"}],"replies":[{"embeddable":true,"href":"https:\/\/archive.sana.sy\/tr\/index.php?rest_route=%2Fwp%2Fv2%2Fcomments&post=311927"}],"version-history":[{"count":1,"href":"https:\/\/archive.sana.sy\/tr\/index.php?rest_route=\/wp\/v2\/posts\/311927\/revisions"}],"predecessor-version":[{"id":311929,"href":"https:\/\/archive.sana.sy\/tr\/index.php?rest_route=\/wp\/v2\/posts\/311927\/revisions\/311929"}],"wp:featuredmedia":[{"embeddable":true,"href":"https:\/\/archive.sana.sy\/tr\/index.php?rest_route=\/wp\/v2\/media\/311928"}],"wp:attachment":[{"href":"https:\/\/archive.sana.sy\/tr\/index.php?rest_route=%2Fwp%2Fv2%2Fmedia&parent=311927"}],"wp:term":[{"taxonomy":"category","embeddable":true,"href":"https:\/\/archive.sana.sy\/tr\/index.php?rest_route=%2Fwp%2Fv2%2Fcategories&post=311927"},{"taxonomy":"post_tag","embeddable":true,"href":"https:\/\/archive.sana.sy\/tr\/index.php?rest_route=%2Fwp%2Fv2%2Ftags&post=311927"}],"curies":[{"name":"wp","href":"https:\/\/api.w.org\/{rel}","templated":true}]}}