{"id":311930,"date":"2024-11-22T22:00:09","date_gmt":"2024-11-22T19:00:09","guid":{"rendered":"https:\/\/sana.sy\/tr\/?p=311930"},"modified":"2024-11-23T11:22:08","modified_gmt":"2024-11-23T08:22:08","slug":"rusya-israilin-palmiraya-yonelik-saldirganligi-suriyenin-egemenliginin-ve-uluslararasi-hukukun-acik-bir-ihlalidir","status":"publish","type":"post","link":"https:\/\/archive.sana.sy\/tr\/?p=311930","title":{"rendered":"Rusya: \u0130srail&#8217;in Palmira&#8217;ya Y\u00f6nelik Sald\u0131rganl\u0131\u011f\u0131 Suriye&#8217;nin Egemenli\u011finin ve Uluslararas\u0131 Hukukun A\u00e7\u0131k Bir \u0130hlalidir"},"content":{"rendered":"<p style=\"text-align: justify;\"><strong>MOSKOVA (SANA)<\/strong> &#8211; Rusya, \u0130srail&#8217;in iki g\u00fcn \u00f6nce Homs k\u0131rsal\u0131ndaki Palmira kentine y\u00f6nelik onlarca ki\u015finin \u015fehit d\u00fc\u015fmesine ve yaralanmas\u0131na yol a\u00e7an sald\u0131rganl\u0131\u011f\u0131n\u0131 g\u00fc\u00e7l\u00fc bir \u015fekilde k\u0131nad\u0131 ve bunun Suriye&#8217;nin egemenli\u011finin ve uluslararas\u0131 hukukun temel kurallar\u0131n\u0131n a\u00e7\u0131k bir ihlali oldu\u011funu vurgulad\u0131.<\/p>\n<p style=\"text-align: justify;\">Rusya D\u0131\u015fi\u015fleri Bakanl\u0131\u011f\u0131 s\u00f6zc\u00fcs\u00fc Maria Zaharova bug\u00fcn yapt\u0131\u011f\u0131 bas\u0131n a\u00e7\u0131klamas\u0131nda \u015funlar\u0131 s\u00f6yledi: &#8220;\u0130srail&#8217;in Suriye topraklar\u0131na ger\u00e7ekle\u015ftirdi\u011fi \u015fiddetli sald\u0131rganl\u0131\u011f\u0131 \u015fiddetle k\u0131n\u0131yoruz. Bu sald\u0131rganl\u0131k ve ondan \u00f6nceki sald\u0131rganl\u0131klar, bu \u00fclkenin egemenli\u011finin ve uluslararas\u0131 hukukun temel kurallar\u0131n\u0131n a\u00e7\u0131k bir ihlalidir.&#8221;<\/p>\n<p style=\"text-align: justify;\">Zaharova ayr\u0131ca,\u00a0 \u2018\u2019Ortado\u011fu&#8217;daki \u00e7at\u0131\u015fman\u0131n vah\u015fetinin yaln\u0131zca insan ya\u015fam\u0131n\u0131n de\u011fil, ayn\u0131 zamanda k\u00fclt\u00fcrel ve tarihi haf\u0131zan\u0131n da de\u011fersizle\u015ftirilmesine yol a\u00e7t\u0131\u011f\u0131n\u0131 derin bir \u00fcz\u00fcnt\u00fcyle belirtmemiz gerekiyor. K\u0131sa bir s\u00fcre \u00f6nce \u0130srail u\u00e7aklar\u0131 L\u00fcbnan&#8217;\u0131n Baalbek \u015fehrine ve onun e\u015fsiz tap\u0131na\u011f\u0131na bir dizi bask\u0131n d\u00fczenledi. \u015eimdi de, daha \u00f6nce I\u015e\u0130D ter\u00f6ristlerinin vah\u015fetine maruz kalan, UNESCO D\u00fcnya Miras\u0131 Listesi&#8217;nde yer alan Palmira \u015fehrine hava sald\u0131r\u0131s\u0131 d\u00fczenlendi.\u2019\u2019<\/p>\n<p style=\"text-align: justify;\">Zaharova \u015f\u00f6yle devam etti: \u201cBir kez daha akl\u0131n sesini dinlemeye ve yirmi birinci y\u00fczy\u0131l\u0131n geli\u015fiyle birlikte ortaya \u00e7\u0131kan insani de\u011ferler sistemine dayal\u0131 uygar davran\u0131\u015f s\u0131n\u0131rlar\u0131n\u0131 a\u015fmamaya \u015fiddetle \u00e7a\u011fr\u0131da bulunuyoruz. \u00c7at\u0131\u015fman\u0131n t\u0131rmanmas\u0131n\u0131n Orta Do\u011fu&#8217;da kal\u0131c\u0131 bar\u0131\u015f umutlar\u0131na ula\u015fmay\u0131 zorla\u015ft\u0131rd\u0131\u011f\u0131n\u0131 unutmamal\u0131y\u0131z.\u201d<\/p>\n<p style=\"text-align: center;\"><strong><a href=\"https:\/\/t.me\/SuriyeArapHaberAjansI\">Telegram Kanal\u0131m\u0131z\u00a0<\/a><span style=\"color: #ff0000;\">||<\/span><a href=\"https:\/\/twitter.com\/arap_ajans\">X Platformumuz\u00a0<\/a>||<span style=\"color: #00ccff;\"><a style=\"color: #00ccff;\" href=\"https:\/\/www.facebook.com\/SANAHaberAjansi\/\">Facebook Sayfam\u0131z<\/a><\/span><\/strong><\/p>\n","protected":false},"excerpt":{"rendered":"<p>MOSKOVA (SANA) &#8211; Rusya, \u0130srail&#8217;in iki g\u00fcn \u00f6nce Homs k\u0131rsal\u0131ndaki Palmira kentine y\u00f6nelik onlarca ki\u015finin \u015fehit d\u00fc\u015fmesine ve yaralanmas\u0131na yol a\u00e7an sald\u0131rganl\u0131\u011f\u0131n\u0131 g\u00fc\u00e7l\u00fc bir \u015fekilde k\u0131nad\u0131 ve bunun Suriye&#8217;nin egemenli\u011finin ve uluslararas\u0131 hukukun temel kurallar\u0131n\u0131n a\u00e7\u0131k bir ihlali oldu\u011funu vurgulad\u0131. Rusya D\u0131\u015fi\u015fleri Bakanl\u0131\u011f\u0131 s\u00f6zc\u00fcs\u00fc Maria Zaharova bug\u00fcn yapt\u0131\u011f\u0131 bas\u0131n a\u00e7\u0131klamas\u0131nda \u015funlar\u0131 s\u00f6yledi: &#8220;\u0130srail&#8217;in Suriye topraklar\u0131na &hellip;<\/p>\n","protected":false},"author":44,"featured_media":311932,"comment_status":"closed","ping_status":"closed","sticky":false,"template":"","format":"standard","meta":{"footnotes":""},"categories":[458,589,459,17988],"tags":[42930],"class_list":["post-311930","post","type-post","status-publish","format-standard","has-post-thumbnail","","category-dunya1","category-haber-seridi","category-haberler-arap-uluslararasi-politika","category-son-haberler","tag-rusya-israilin-palmiraya-yonelik-saldirganligi-suriyenin-egemenliginin-ve-uluslararasi-hukukun-acik-bir-ihlalidir"],"_links":{"self":[{"href":"https:\/\/archive.sana.sy\/tr\/index.php?rest_route=\/wp\/v2\/posts\/311930","targetHints":{"allow":["GET"]}}],"collection":[{"href":"https:\/\/archive.sana.sy\/tr\/index.php?rest_route=\/wp\/v2\/posts"}],"about":[{"href":"https:\/\/archive.sana.sy\/tr\/index.php?rest_route=\/wp\/v2\/types\/post"}],"author":[{"embeddable":true,"href":"https:\/\/archive.sana.sy\/tr\/index.php?rest_route=\/wp\/v2\/users\/44"}],"replies":[{"embeddable":true,"href":"https:\/\/archive.sana.sy\/tr\/index.php?rest_route=%2Fwp%2Fv2%2Fcomments&post=311930"}],"version-history":[{"count":2,"href":"https:\/\/archive.sana.sy\/tr\/index.php?rest_route=\/wp\/v2\/posts\/311930\/revisions"}],"predecessor-version":[{"id":311935,"href":"https:\/\/archive.sana.sy\/tr\/index.php?rest_route=\/wp\/v2\/posts\/311930\/revisions\/311935"}],"wp:featuredmedia":[{"embeddable":true,"href":"https:\/\/archive.sana.sy\/tr\/index.php?rest_route=\/wp\/v2\/media\/311932"}],"wp:attachment":[{"href":"https:\/\/archive.sana.sy\/tr\/index.php?rest_route=%2Fwp%2Fv2%2Fmedia&parent=311930"}],"wp:term":[{"taxonomy":"category","embeddable":true,"href":"https:\/\/archive.sana.sy\/tr\/index.php?rest_route=%2Fwp%2Fv2%2Fcategories&post=311930"},{"taxonomy":"post_tag","embeddable":true,"href":"https:\/\/archive.sana.sy\/tr\/index.php?rest_route=%2Fwp%2Fv2%2Ftags&post=311930"}],"curies":[{"name":"wp","href":"https:\/\/api.w.org\/{rel}","templated":true}]}}