{"id":311951,"date":"2024-11-23T13:37:16","date_gmt":"2024-11-23T10:37:16","guid":{"rendered":"https:\/\/sana.sy\/tr\/?p=311951"},"modified":"2024-11-23T13:37:16","modified_gmt":"2024-11-23T10:37:16","slug":"gazze-seridinin-cesitli-bolgelerine-duzenlenen-isgal-saldirganlarinda-onlarca-sehit-ve-yarali","status":"publish","type":"post","link":"https:\/\/archive.sana.sy\/tr\/?p=311951","title":{"rendered":"Gazze \u015eeridi&#8217;nin \u00c7e\u015fitli B\u00f6lgelerine D\u00fczenlenen \u0130\u015fgal Sald\u0131rganlar\u0131nda Onlarca \u015eehit Ve Yaral\u0131"},"content":{"rendered":"<p style=\"text-align: justify;\"><strong><span style=\"color: #800000;\">\u0130\u015eGAL ED\u0130LEN K\u00dcDUS (SANA)<\/span> &#8211;<\/strong> \u0130srail i\u015fgal g\u00fc\u00e7lerinin Gazze \u015eeridi&#8217;nin \u00e7e\u015fitli b\u00f6lgelerini bombalamas\u0131 sonucu bug\u00fcn \u00e7ok say\u0131da Filistinli \u015fehit oldu ve yaraland\u0131.<\/p>\n<p style=\"text-align: justify;\">WAFA Ajans\u0131, i\u015fgal u\u00e7aklar\u0131n\u0131n Gazze \u015fehrinin g\u00fcneydo\u011fusundaki El Zaytun mahallesindeki bir evi bombalamas\u0131 sonucu 3&#8217;\u00fc \u00e7ocuk 7 Filistinlinin \u015fehit oldu\u011funu bildirdi.<\/p>\n<p style=\"text-align: justify;\">\u0130\u015fgal g\u00fc\u00e7lerinin Gazze \u015eeridi&#8217;nin merkezinde yer alan Nuseyrat kamp\u0131ndaki bir apartman dairesini bombalamas\u0131 sonucu bir kad\u0131n da \u015fehit oldu, di\u011ferleri de yaraland\u0131. Gazze \u015eeridi&#8217;nin g\u00fcneyindeki Han Yunus \u015fehrinin bat\u0131s\u0131ndaki bir eve d\u00fczenlenen i\u015fgal sald\u0131rgans\u0131nda aralar\u0131nda \u00e7ocuklar\u0131n da bulundu\u011fu 9 Filistinli \u015fehit d\u00fc\u015ft\u00fc.<\/p>\n<p style=\"text-align: center;\"><strong><a href=\"https:\/\/t.me\/SuriyeArapHaberAjansI\">Telegram Kanal\u0131m\u0131z\u00a0<\/a><span style=\"color: #ff0000;\">||<\/span><a href=\"https:\/\/twitter.com\/arap_ajans\">X Platformumuz\u00a0<\/a><span style=\"color: #ff0000;\">||<\/span><a href=\"https:\/\/www.facebook.com\/SANAHaberAjansi\/\">Facebook Sayfam\u0131z<\/a><\/strong><\/p>\n","protected":false},"excerpt":{"rendered":"<p>\u0130\u015eGAL ED\u0130LEN K\u00dcDUS (SANA) &#8211; \u0130srail i\u015fgal g\u00fc\u00e7lerinin Gazze \u015eeridi&#8217;nin \u00e7e\u015fitli b\u00f6lgelerini bombalamas\u0131 sonucu bug\u00fcn \u00e7ok say\u0131da Filistinli \u015fehit oldu ve yaraland\u0131. WAFA Ajans\u0131, i\u015fgal u\u00e7aklar\u0131n\u0131n Gazze \u015fehrinin g\u00fcneydo\u011fusundaki El Zaytun mahallesindeki bir evi bombalamas\u0131 sonucu 3&#8217;\u00fc \u00e7ocuk 7 Filistinlinin \u015fehit oldu\u011funu bildirdi. \u0130\u015fgal g\u00fc\u00e7lerinin Gazze \u015eeridi&#8217;nin merkezinde yer alan Nuseyrat kamp\u0131ndaki bir apartman dairesini &hellip;<\/p>\n","protected":false},"author":44,"featured_media":311952,"comment_status":"closed","ping_status":"closed","sticky":false,"template":"","format":"standard","meta":{"footnotes":""},"categories":[458,589,459,17988],"tags":[],"class_list":["post-311951","post","type-post","status-publish","format-standard","has-post-thumbnail","","category-dunya1","category-haber-seridi","category-haberler-arap-uluslararasi-politika","category-son-haberler"],"_links":{"self":[{"href":"https:\/\/archive.sana.sy\/tr\/index.php?rest_route=\/wp\/v2\/posts\/311951","targetHints":{"allow":["GET"]}}],"collection":[{"href":"https:\/\/archive.sana.sy\/tr\/index.php?rest_route=\/wp\/v2\/posts"}],"about":[{"href":"https:\/\/archive.sana.sy\/tr\/index.php?rest_route=\/wp\/v2\/types\/post"}],"author":[{"embeddable":true,"href":"https:\/\/archive.sana.sy\/tr\/index.php?rest_route=\/wp\/v2\/users\/44"}],"replies":[{"embeddable":true,"href":"https:\/\/archive.sana.sy\/tr\/index.php?rest_route=%2Fwp%2Fv2%2Fcomments&post=311951"}],"version-history":[{"count":1,"href":"https:\/\/archive.sana.sy\/tr\/index.php?rest_route=\/wp\/v2\/posts\/311951\/revisions"}],"predecessor-version":[{"id":311953,"href":"https:\/\/archive.sana.sy\/tr\/index.php?rest_route=\/wp\/v2\/posts\/311951\/revisions\/311953"}],"wp:featuredmedia":[{"embeddable":true,"href":"https:\/\/archive.sana.sy\/tr\/index.php?rest_route=\/wp\/v2\/media\/311952"}],"wp:attachment":[{"href":"https:\/\/archive.sana.sy\/tr\/index.php?rest_route=%2Fwp%2Fv2%2Fmedia&parent=311951"}],"wp:term":[{"taxonomy":"category","embeddable":true,"href":"https:\/\/archive.sana.sy\/tr\/index.php?rest_route=%2Fwp%2Fv2%2Fcategories&post=311951"},{"taxonomy":"post_tag","embeddable":true,"href":"https:\/\/archive.sana.sy\/tr\/index.php?rest_route=%2Fwp%2Fv2%2Ftags&post=311951"}],"curies":[{"name":"wp","href":"https:\/\/api.w.org\/{rel}","templated":true}]}}