{"id":311954,"date":"2024-11-23T13:56:51","date_gmt":"2024-11-23T10:56:51","guid":{"rendered":"https:\/\/sana.sy\/tr\/?p=311954"},"modified":"2024-11-23T18:19:34","modified_gmt":"2024-11-23T15:19:34","slug":"isgalci-israil-lubnan-bolgelerine-yonelik-saldirganliklari-sonucu-onlarca-sehit-ve-yarali","status":"publish","type":"post","link":"https:\/\/archive.sana.sy\/tr\/?p=311954","title":{"rendered":"\u0130\u015fgalci \u0130srail, L\u00fcbnan B\u00f6lgelerine Y\u00f6nelik Sald\u0131rganl\u0131klar\u0131 Sonucu Onlarca \u015eehit Ve Yaral\u0131"},"content":{"rendered":"<p style=\"text-align: justify;\"><strong><span style=\"color: #800000;\">BEYRUT (SANA)<\/span> &#8211;<\/strong>\u00a0 Ge\u00e7ti\u011fimiz saatlerde \u0130srail d\u00fc\u015fman u\u00e7aklar\u0131n\u0131n L\u00fcbnan&#8217;\u0131n \u00e7e\u015fitli b\u00f6lgelerine d\u00fczenledi\u011fi seri sald\u0131rganl\u0131klar\u0131 sonucu 16 ki\u015fi \u015fehit oldu, \u00e7ok say\u0131da ki\u015fi de yaraland\u0131.<\/p>\n<p style=\"text-align: justify;\">Ulusal Haber Ajans\u0131, \u2018\u2019\u0130srail&#8217;in Sur ve Bint Cubeyil il\u00e7esine ba\u011fl\u0131 k\u00f6ylere y\u00f6nelik sald\u0131r\u0131lar\u0131 d\u00fcn geceden bu sabaha kadar yo\u011fun bir \u015fekilde devam etti. D\u00fc\u015fman\u0131n \u0130HA\u2019lar\u0131 Sur il\u00e7esine sald\u0131r\u0131 d\u00fczenleyerek iki motosikleti hedef ald\u0131. \u0130srail d\u00fc\u015fman kuvvetleri g\u00fcneydeki Hiyam, \u015eama ve Tayir Harfa kentlerinde \u00e7ok \u015fiddetli bombalama operasyonlar\u0131 d\u00fczenledi. Sesi kom\u015fu kasabalara kadar ula\u015fan bombalama operasyonlar\u0131 iki ki\u015finin \u015fehit d\u00fc\u015fmesiyle sonu\u00e7land\u0131\u2019\u2019 dedi.<\/p>\n<p style=\"text-align: justify;\">D\u00fc\u015fman bombard\u0131man\u0131 El Hiyam, Burc El Muluk Muluk, Dermamas Hadada, Zavtar El Garbiye, Derisyan, Marcayun, Kafr Benit ve Ankun kasaba ve \u015fehirlerini hedef ald\u0131. Bu da 3 ki\u015finin \u00f6l\u00fcm\u00fcne, 5 ki\u015finin de yaralanmas\u0131na yol a\u00e7t\u0131.<\/p>\n<p style=\"text-align: justify;\">D\u00fc\u015fman \u0130srail ayr\u0131ca, Beyrut&#8217;un g\u00fcney banliy\u00f6s\u00fcnde L\u00fcbnan \u00dcniversitesi yak\u0131n\u0131ndaki bir binay\u0131 hedef alan d\u00f6rt bask\u0131n d\u00fczenledi ve Deyr Kanun&#8217;daki \u0130slam Sa\u011fl\u0131k Kurumu&#8217;na ba\u011fl\u0131 5 sa\u011fl\u0131k g\u00f6revlisi \u015fehit oldu.<\/p>\n<p style=\"text-align: justify;\">D\u00fc\u015fman u\u00e7aklar\u0131, El Mecadil El Sama&#8217;iyya, Shama, Tayr Harfa, El Dahire, El Cebin kasabalar\u0131na ve Deyir Kanun, Rasulayn&#8217;in eteklerine de sald\u0131r\u0131 d\u00fczenledi. D\u00fc\u015fman casus \u0130HA&#8217;lar\u0131 ke\u015fif, drone ve askeri u\u00e7aklar\u0131 Sur ve Bint Cubeyil il\u00e7elerinin k\u00f6yleri \u00fczerinde yo\u011fun bir \u015fekilde u\u00e7tu ve d\u00fc\u015fman bat\u0131 ve orta kesimlerdeki k\u00f6ylere hafif bombalar att\u0131. Bu arada Bint Cubeyil \u015fehrinin semalar\u0131nda yo\u011fun drone u\u00e7u\u015flar\u0131 ve \u0131\u015f\u0131kl\u0131 bombalar g\u00f6r\u00fcld\u00fc.<\/p>\n<p style=\"text-align: justify;\">Ajans, \u0130srail&#8217;in \u00f6nceki bask\u0131n\u0131n yap\u0131ld\u0131\u011f\u0131 yer olan sabah saat 04.30&#8217;da d\u00fczenledi\u011fi bask\u0131n nedeniyle Khardali b\u00f6lgesine giden Nabatieh-Marjayoun yolunun tamamen kesildi\u011fini de belirtti.<\/p>\n<p style=\"text-align: center;\"><strong><a href=\"https:\/\/t.me\/SuriyeArapHaberAjansI\">Telegram Kanal\u0131m\u0131z\u00a0<\/a><span style=\"color: #ff0000;\">||<\/span><a href=\"https:\/\/twitter.com\/arap_ajans\">X Platformumuz\u00a0<\/a><span style=\"color: #ff0000;\">||<\/span><a href=\"https:\/\/www.facebook.com\/SANAHaberAjansi\/\">Facebook Sayfam\u0131z<\/a><\/strong><\/p>\n","protected":false},"excerpt":{"rendered":"<p>BEYRUT (SANA) &#8211;\u00a0 Ge\u00e7ti\u011fimiz saatlerde \u0130srail d\u00fc\u015fman u\u00e7aklar\u0131n\u0131n L\u00fcbnan&#8217;\u0131n \u00e7e\u015fitli b\u00f6lgelerine d\u00fczenledi\u011fi seri sald\u0131rganl\u0131klar\u0131 sonucu 16 ki\u015fi \u015fehit oldu, \u00e7ok say\u0131da ki\u015fi de yaraland\u0131. Ulusal Haber Ajans\u0131, \u2018\u2019\u0130srail&#8217;in Sur ve Bint Cubeyil il\u00e7esine ba\u011fl\u0131 k\u00f6ylere y\u00f6nelik sald\u0131r\u0131lar\u0131 d\u00fcn geceden bu sabaha kadar yo\u011fun bir \u015fekilde devam etti. D\u00fc\u015fman\u0131n \u0130HA\u2019lar\u0131 Sur il\u00e7esine sald\u0131r\u0131 d\u00fczenleyerek iki motosikleti &hellip;<\/p>\n","protected":false},"author":44,"featured_media":311955,"comment_status":"closed","ping_status":"closed","sticky":false,"template":"","format":"standard","meta":{"footnotes":""},"categories":[458,589,459,17988],"tags":[18890,42933],"class_list":["post-311954","post","type-post","status-publish","format-standard","has-post-thumbnail","","category-dunya1","category-haber-seridi","category-haberler-arap-uluslararasi-politika","category-son-haberler","tag-isgalci-israil","tag-lubnan-bolgelerine-yonelik-saldirganliklari-sonucu-onlarca-sehit-ve-yarali"],"_links":{"self":[{"href":"https:\/\/archive.sana.sy\/tr\/index.php?rest_route=\/wp\/v2\/posts\/311954","targetHints":{"allow":["GET"]}}],"collection":[{"href":"https:\/\/archive.sana.sy\/tr\/index.php?rest_route=\/wp\/v2\/posts"}],"about":[{"href":"https:\/\/archive.sana.sy\/tr\/index.php?rest_route=\/wp\/v2\/types\/post"}],"author":[{"embeddable":true,"href":"https:\/\/archive.sana.sy\/tr\/index.php?rest_route=\/wp\/v2\/users\/44"}],"replies":[{"embeddable":true,"href":"https:\/\/archive.sana.sy\/tr\/index.php?rest_route=%2Fwp%2Fv2%2Fcomments&post=311954"}],"version-history":[{"count":3,"href":"https:\/\/archive.sana.sy\/tr\/index.php?rest_route=\/wp\/v2\/posts\/311954\/revisions"}],"predecessor-version":[{"id":311970,"href":"https:\/\/archive.sana.sy\/tr\/index.php?rest_route=\/wp\/v2\/posts\/311954\/revisions\/311970"}],"wp:featuredmedia":[{"embeddable":true,"href":"https:\/\/archive.sana.sy\/tr\/index.php?rest_route=\/wp\/v2\/media\/311955"}],"wp:attachment":[{"href":"https:\/\/archive.sana.sy\/tr\/index.php?rest_route=%2Fwp%2Fv2%2Fmedia&parent=311954"}],"wp:term":[{"taxonomy":"category","embeddable":true,"href":"https:\/\/archive.sana.sy\/tr\/index.php?rest_route=%2Fwp%2Fv2%2Fcategories&post=311954"},{"taxonomy":"post_tag","embeddable":true,"href":"https:\/\/archive.sana.sy\/tr\/index.php?rest_route=%2Fwp%2Fv2%2Ftags&post=311954"}],"curies":[{"name":"wp","href":"https:\/\/api.w.org\/{rel}","templated":true}]}}