{"id":311957,"date":"2024-11-23T13:40:39","date_gmt":"2024-11-23T10:40:39","guid":{"rendered":"https:\/\/sana.sy\/tr\/?p=311957"},"modified":"2024-11-23T14:08:58","modified_gmt":"2024-11-23T11:08:58","slug":"rusyadan-lazkiye-kirsalindaki-sindiyane-koyu-halkina-insani-yardim","status":"publish","type":"post","link":"https:\/\/archive.sana.sy\/tr\/?p=311957","title":{"rendered":"Rusya&#8217;dan Lazkiye K\u0131rsal\u0131ndaki Sindiyane K\u00f6y\u00fc Halk\u0131na \u0130nsani Yard\u0131m"},"content":{"rendered":"<p style=\"text-align: justify;\"><strong><span style=\"color: #800000;\">LAZK\u0130YE (SANA)<\/span> &#8211; <\/strong>Hmeymim&#8217;deki Rus koordinasyon merkezinden askeri personel, Lazkiye Valili\u011fi k\u0131rsal\u0131ndaki Sindiana k\u00f6y\u00fc halk\u0131na insani yard\u0131m ula\u015ft\u0131rd\u0131.<\/p>\n<p style=\"text-align: justify;\">SANA muhabiri, Rus askerlerinin &#8220;un, \u015feker, ay\u00e7i\u00e7ek ya\u011f\u0131, \u00e7ay ve konserve s\u00fct&#8221;\u00fcn de aralar\u0131nda bulundu\u011fu 3 tondan fazla g\u0131da yard\u0131m\u0131n\u0131 k\u00f6y halk\u0131na da\u011f\u0131tt\u0131\u011f\u0131n\u0131 belirtti.<\/p>\n<p style=\"text-align: center;\"><strong><a href=\"https:\/\/t.me\/SuriyeArapHaberAjansI\">Telegram Kanal\u0131m\u0131z\u00a0<\/a>||<a href=\"https:\/\/twitter.com\/arap_ajans\">X Platformumuz\u00a0<\/a>||<a href=\"https:\/\/www.facebook.com\/SANAHaberAjansi\/\">Facebook Sayfam\u0131z<\/a><\/strong><\/p>\n<div id='gallery-1' class='gallery galleryid-311957 gallery-columns-3 gallery-size-thumbnail'><figure class='gallery-item'>\n\t\t\t<div class='gallery-icon landscape'>\n\t\t\t\t<a href='https:\/\/archive.sana.sy\/tr\/?attachment_id=311959'><img loading=\"lazy\" decoding=\"async\" width=\"150\" height=\"150\" src=\"https:\/\/archive.sana.sy\/tr\/wp-content\/uploads\/2024\/11\/1-15-150x150.jpg\" class=\"attachment-thumbnail size-thumbnail\" alt=\"\" \/><\/a>\n\t\t\t<\/div><\/figure><figure class='gallery-item'>\n\t\t\t<div class='gallery-icon landscape'>\n\t\t\t\t<a href='https:\/\/archive.sana.sy\/tr\/?attachment_id=311960'><img loading=\"lazy\" decoding=\"async\" width=\"150\" height=\"150\" src=\"https:\/\/archive.sana.sy\/tr\/wp-content\/uploads\/2024\/11\/3-11-150x150.jpg\" class=\"attachment-thumbnail size-thumbnail\" alt=\"\" \/><\/a>\n\t\t\t<\/div><\/figure><figure class='gallery-item'>\n\t\t\t<div class='gallery-icon landscape'>\n\t\t\t\t<a href='https:\/\/archive.sana.sy\/tr\/?attachment_id=311961'><img loading=\"lazy\" decoding=\"async\" width=\"150\" height=\"150\" src=\"https:\/\/archive.sana.sy\/tr\/wp-content\/uploads\/2024\/11\/2-14-150x150.jpg\" class=\"attachment-thumbnail size-thumbnail\" alt=\"\" \/><\/a>\n\t\t\t<\/div><\/figure>\n\t\t<\/div>\n\n","protected":false},"excerpt":{"rendered":"<p>LAZK\u0130YE (SANA) &#8211; Hmeymim&#8217;deki Rus koordinasyon merkezinden askeri personel, Lazkiye Valili\u011fi k\u0131rsal\u0131ndaki Sindiana k\u00f6y\u00fc halk\u0131na insani yard\u0131m ula\u015ft\u0131rd\u0131. SANA muhabiri, Rus askerlerinin &#8220;un, \u015feker, ay\u00e7i\u00e7ek ya\u011f\u0131, \u00e7ay ve konserve s\u00fct&#8221;\u00fcn de aralar\u0131nda bulundu\u011fu 3 tondan fazla g\u0131da yard\u0131m\u0131n\u0131 k\u00f6y halk\u0131na da\u011f\u0131tt\u0131\u011f\u0131n\u0131 belirtti. Telegram Kanal\u0131m\u0131z\u00a0||X Platformumuz\u00a0||Facebook Sayfam\u0131z<\/p>\n","protected":false},"author":41,"featured_media":311958,"comment_status":"closed","ping_status":"closed","sticky":false,"template":"","format":"standard","meta":{"footnotes":""},"categories":[458,589,459,17988],"tags":[42934],"class_list":["post-311957","post","type-post","status-publish","format-standard","has-post-thumbnail","","category-dunya1","category-haber-seridi","category-haberler-arap-uluslararasi-politika","category-son-haberler","tag-rusyadan-lazkiye-kirsalindaki-sindiyane-koyu-halkina-insani-yardim"],"_links":{"self":[{"href":"https:\/\/archive.sana.sy\/tr\/index.php?rest_route=\/wp\/v2\/posts\/311957","targetHints":{"allow":["GET"]}}],"collection":[{"href":"https:\/\/archive.sana.sy\/tr\/index.php?rest_route=\/wp\/v2\/posts"}],"about":[{"href":"https:\/\/archive.sana.sy\/tr\/index.php?rest_route=\/wp\/v2\/types\/post"}],"author":[{"embeddable":true,"href":"https:\/\/archive.sana.sy\/tr\/index.php?rest_route=\/wp\/v2\/users\/41"}],"replies":[{"embeddable":true,"href":"https:\/\/archive.sana.sy\/tr\/index.php?rest_route=%2Fwp%2Fv2%2Fcomments&post=311957"}],"version-history":[{"count":1,"href":"https:\/\/archive.sana.sy\/tr\/index.php?rest_route=\/wp\/v2\/posts\/311957\/revisions"}],"predecessor-version":[{"id":311962,"href":"https:\/\/archive.sana.sy\/tr\/index.php?rest_route=\/wp\/v2\/posts\/311957\/revisions\/311962"}],"wp:featuredmedia":[{"embeddable":true,"href":"https:\/\/archive.sana.sy\/tr\/index.php?rest_route=\/wp\/v2\/media\/311958"}],"wp:attachment":[{"href":"https:\/\/archive.sana.sy\/tr\/index.php?rest_route=%2Fwp%2Fv2%2Fmedia&parent=311957"}],"wp:term":[{"taxonomy":"category","embeddable":true,"href":"https:\/\/archive.sana.sy\/tr\/index.php?rest_route=%2Fwp%2Fv2%2Fcategories&post=311957"},{"taxonomy":"post_tag","embeddable":true,"href":"https:\/\/archive.sana.sy\/tr\/index.php?rest_route=%2Fwp%2Fv2%2Ftags&post=311957"}],"curies":[{"name":"wp","href":"https:\/\/api.w.org\/{rel}","templated":true}]}}