{"id":311964,"date":"2024-11-23T13:03:23","date_gmt":"2024-11-23T10:03:23","guid":{"rendered":"https:\/\/sana.sy\/tr\/?p=311964"},"modified":"2024-11-23T15:30:45","modified_gmt":"2024-11-23T12:30:45","slug":"rus-gucleri-kurskta-360tan-fazla-ukraynali-askeri-oldurdu","status":"publish","type":"post","link":"https:\/\/archive.sana.sy\/tr\/?p=311964","title":{"rendered":"Rus G\u00fc\u00e7leri Kursk&#8217;ta 360&#8217;tan Fazla Ukraynal\u0131 Askeri \u00d6ld\u00fcrd\u00fc"},"content":{"rendered":"<p style=\"text-align: justify;\"><strong>MOSKOVA (SANA) &#8211;<\/strong> \u00a0Rusya Savunma Bakanl\u0131\u011f\u0131 bug\u00fcn yapt\u0131\u011f\u0131 a\u00e7\u0131klamada, Kiev rejim g\u00fc\u00e7lerinin Kursk ekseninde son 24 saatte kay\u0131plar\u0131n\u0131n 360&#8217;tan fazla askere ula\u015ft\u0131\u011f\u0131n\u0131 duyurdu.<\/p>\n<p style=\"text-align: justify;\">Bakanl\u0131\u011f\u0131n yay\u0131nlad\u0131\u011f\u0131 a\u00e7\u0131klamada, \u2018\u2019Rus kuvvetleri, son 24 saatte 2 z\u0131rhl\u0131 muharebe arac\u0131, biri Alman yap\u0131m\u0131 Marder, di\u011feri \u0130sve\u00e7 yap\u0131m\u0131 SV90 olmak \u00fczere 2 piyade sava\u015f arac\u0131 ve 25 arac\u0131 imha etti. Bunun \u00a0yan\u0131nda da \u00fc\u00e7 top\u00e7u par\u00e7as\u0131n\u0131 ve iki elektronik harp istasyonunu da imha etti\u2019\u2019 dedi.<\/p>\n<p style=\"text-align: justify;\">Bakanl\u0131k a\u00e7\u0131klamas\u0131nda ayr\u0131ca, \u2018\u2019Kursk ekseninde muharebe operasyonlar\u0131n\u0131n ba\u015flamas\u0131ndan bu yana Kiev rejim g\u00fc\u00e7lerinin toplam kay\u0131plar\u0131 35.050 asker, 215 tank, 149 piyade sava\u015f arac\u0131 ve 120 z\u0131rhl\u0131 personel ta\u015f\u0131y\u0131c\u0131 olarak ger\u00e7ekle\u015fti. Kayplar i\u00e7inde de \u00a01.192 z\u0131rhl\u0131 muharebe arac\u0131, 300 sahra topu, 40 roketatar ve 70 elektronik harp istasyonu bulunuyor\u2019\u2019 ifadelerini s\u00f6zlerine ekledi.<\/p>\n<p style=\"text-align: center;\"><strong><a href=\"https:\/\/t.me\/SuriyeArapHaberAjansI\">Telegram Kanal\u0131m\u0131z\u00a0<\/a>||<a href=\"https:\/\/twitter.com\/arap_ajans\">X Platformumuz\u00a0<\/a>||<a href=\"https:\/\/www.facebook.com\/SANAHaberAjansi\/\">Facebook Sayfam\u0131z<\/a><\/strong><\/p>\n","protected":false},"excerpt":{"rendered":"<p>MOSKOVA (SANA) &#8211; \u00a0Rusya Savunma Bakanl\u0131\u011f\u0131 bug\u00fcn yapt\u0131\u011f\u0131 a\u00e7\u0131klamada, Kiev rejim g\u00fc\u00e7lerinin Kursk ekseninde son 24 saatte kay\u0131plar\u0131n\u0131n 360&#8217;tan fazla askere ula\u015ft\u0131\u011f\u0131n\u0131 duyurdu. Bakanl\u0131\u011f\u0131n yay\u0131nlad\u0131\u011f\u0131 a\u00e7\u0131klamada, \u2018\u2019Rus kuvvetleri, son 24 saatte 2 z\u0131rhl\u0131 muharebe arac\u0131, biri Alman yap\u0131m\u0131 Marder, di\u011feri \u0130sve\u00e7 yap\u0131m\u0131 SV90 olmak \u00fczere 2 piyade sava\u015f arac\u0131 ve 25 arac\u0131 imha etti. Bunun &hellip;<\/p>\n","protected":false},"author":41,"featured_media":311965,"comment_status":"closed","ping_status":"closed","sticky":false,"template":"","format":"standard","meta":{"footnotes":""},"categories":[458,589,459,17988],"tags":[42935],"class_list":["post-311964","post","type-post","status-publish","format-standard","has-post-thumbnail","","category-dunya1","category-haber-seridi","category-haberler-arap-uluslararasi-politika","category-son-haberler","tag-rus-gucleri-kurskta-360tan-fazla-ukraynali-askeri-oldurdu"],"_links":{"self":[{"href":"https:\/\/archive.sana.sy\/tr\/index.php?rest_route=\/wp\/v2\/posts\/311964","targetHints":{"allow":["GET"]}}],"collection":[{"href":"https:\/\/archive.sana.sy\/tr\/index.php?rest_route=\/wp\/v2\/posts"}],"about":[{"href":"https:\/\/archive.sana.sy\/tr\/index.php?rest_route=\/wp\/v2\/types\/post"}],"author":[{"embeddable":true,"href":"https:\/\/archive.sana.sy\/tr\/index.php?rest_route=\/wp\/v2\/users\/41"}],"replies":[{"embeddable":true,"href":"https:\/\/archive.sana.sy\/tr\/index.php?rest_route=%2Fwp%2Fv2%2Fcomments&post=311964"}],"version-history":[{"count":2,"href":"https:\/\/archive.sana.sy\/tr\/index.php?rest_route=\/wp\/v2\/posts\/311964\/revisions"}],"predecessor-version":[{"id":311968,"href":"https:\/\/archive.sana.sy\/tr\/index.php?rest_route=\/wp\/v2\/posts\/311964\/revisions\/311968"}],"wp:featuredmedia":[{"embeddable":true,"href":"https:\/\/archive.sana.sy\/tr\/index.php?rest_route=\/wp\/v2\/media\/311965"}],"wp:attachment":[{"href":"https:\/\/archive.sana.sy\/tr\/index.php?rest_route=%2Fwp%2Fv2%2Fmedia&parent=311964"}],"wp:term":[{"taxonomy":"category","embeddable":true,"href":"https:\/\/archive.sana.sy\/tr\/index.php?rest_route=%2Fwp%2Fv2%2Fcategories&post=311964"},{"taxonomy":"post_tag","embeddable":true,"href":"https:\/\/archive.sana.sy\/tr\/index.php?rest_route=%2Fwp%2Fv2%2Ftags&post=311964"}],"curies":[{"name":"wp","href":"https:\/\/api.w.org\/{rel}","templated":true}]}}