{"id":311977,"date":"2024-11-23T12:30:55","date_gmt":"2024-11-23T09:30:55","guid":{"rendered":"https:\/\/sana.sy\/tr\/?p=311977"},"modified":"2024-11-24T14:43:46","modified_gmt":"2024-11-24T11:43:46","slug":"sabbag-cezayir-disisleri-bakani-olarak-guveni-yenilendigi-icin-attafi-telefonda-tebrik-etti","status":"publish","type":"post","link":"https:\/\/archive.sana.sy\/tr\/?p=311977","title":{"rendered":"Sabba\u011f, Cezayir D\u0131\u015fi\u015fleri Bakan\u0131 Olarak G\u00fcveni Yenilendi\u011fi \u0130\u00e7in Attaf&#8217;\u0131 Tebrik Etti"},"content":{"rendered":"<p style=\"text-align: justify;\"><span style=\"color: #800000;\"><strong>\u015eAM (SANA)<\/strong> <\/span>&#8211;\u00a0 D\u0131\u015fi\u015fleri ve Gurbe\u00e7iler Bakan\u0131 Bessam Sabba\u011f, Cezayir D\u0131\u015fi\u015fleri ve Ulusal Toplum Bakan\u0131 Ahmed Attaf ile Cumhurba\u015fkan\u0131 Abd\u00fclmecid Tebbun&#8217;dan ald\u0131\u011f\u0131 yenilenen g\u00fcven nedeniyle kendisini tebrik etti\u011fi ve g\u00f6revinde ba\u015far\u0131lar, Cezayir Demokratik Halk Cumhuriyeti&#8217;ne ise daha fazla ilerleme ve refah diledi\u011fi bir telefon g\u00f6r\u00fc\u015fmesi yapt\u0131.<\/p>\n<p style=\"text-align: justify;\">Bakan Sabba\u011f, iki \u00fclke liderlerinin aralar\u0131ndaki \u00e7e\u015fitli alanlardaki ili\u015fkilerin Suriye ve Cezayir halklar\u0131 aras\u0131ndaki karde\u015flik ba\u011flar\u0131n\u0131 yans\u0131tacak \u015fekilde geli\u015ftirilmesi y\u00f6n\u00fcndeki direktiflerinin uygulanmas\u0131 i\u00e7in aralar\u0131ndaki i\u015fbirli\u011fi ve koordinasyonun devam etti\u011fini vurgulad\u0131.<\/p>\n<p style=\"text-align: justify;\">Bakan Attaf ise tebriklerinden dolay\u0131 Bakan Sabba\u011f&#8217;a te\u015fekk\u00fcr ederek, Suriye ile Cezayir aras\u0131ndaki ili\u015fkilerin g\u00fc\u00e7lendirilmesi ve iki karde\u015f \u00fclke ve halklar\u0131n \u00e7\u0131karlar\u0131na hizmet edecek yeni seviyelere \u00e7\u0131kar\u0131lmas\u0131 konusundaki kararl\u0131l\u0131\u011f\u0131n\u0131 vurgulad\u0131.<\/p>\n<p style=\"text-align: center;\"><strong><a href=\"https:\/\/t.me\/SuriyeArapHaberAjansI\">Telegram Kanal\u0131m\u0131z\u00a0<\/a><span style=\"color: #ff0000;\">||<\/span><a href=\"https:\/\/twitter.com\/arap_ajans\">X Platformumuz\u00a0<\/a><span style=\"color: #ff0000;\">||<\/span><a href=\"https:\/\/www.facebook.com\/SANAHaberAjansi\/\">Facebook Sayfam\u0131z<\/a><\/strong><\/p>\n","protected":false},"excerpt":{"rendered":"<p>\u015eAM (SANA) &#8211;\u00a0 D\u0131\u015fi\u015fleri ve Gurbe\u00e7iler Bakan\u0131 Bessam Sabba\u011f, Cezayir D\u0131\u015fi\u015fleri ve Ulusal Toplum Bakan\u0131 Ahmed Attaf ile Cumhurba\u015fkan\u0131 Abd\u00fclmecid Tebbun&#8217;dan ald\u0131\u011f\u0131 yenilenen g\u00fcven nedeniyle kendisini tebrik etti\u011fi ve g\u00f6revinde ba\u015far\u0131lar, Cezayir Demokratik Halk Cumhuriyeti&#8217;ne ise daha fazla ilerleme ve refah diledi\u011fi bir telefon g\u00f6r\u00fc\u015fmesi yapt\u0131. Bakan Sabba\u011f, iki \u00fclke liderlerinin aralar\u0131ndaki \u00e7e\u015fitli alanlardaki ili\u015fkilerin &hellip;<\/p>\n","protected":false},"author":41,"featured_media":311978,"comment_status":"closed","ping_status":"closed","sticky":false,"template":"","format":"standard","meta":{"footnotes":""},"categories":[589,479,17988,478],"tags":[],"class_list":["post-311977","post","type-post","status-publish","format-standard","has-post-thumbnail","","category-haber-seridi","category-haberler-yerel","category-son-haberler","category-yerel"],"_links":{"self":[{"href":"https:\/\/archive.sana.sy\/tr\/index.php?rest_route=\/wp\/v2\/posts\/311977","targetHints":{"allow":["GET"]}}],"collection":[{"href":"https:\/\/archive.sana.sy\/tr\/index.php?rest_route=\/wp\/v2\/posts"}],"about":[{"href":"https:\/\/archive.sana.sy\/tr\/index.php?rest_route=\/wp\/v2\/types\/post"}],"author":[{"embeddable":true,"href":"https:\/\/archive.sana.sy\/tr\/index.php?rest_route=\/wp\/v2\/users\/41"}],"replies":[{"embeddable":true,"href":"https:\/\/archive.sana.sy\/tr\/index.php?rest_route=%2Fwp%2Fv2%2Fcomments&post=311977"}],"version-history":[{"count":4,"href":"https:\/\/archive.sana.sy\/tr\/index.php?rest_route=\/wp\/v2\/posts\/311977\/revisions"}],"predecessor-version":[{"id":311982,"href":"https:\/\/archive.sana.sy\/tr\/index.php?rest_route=\/wp\/v2\/posts\/311977\/revisions\/311982"}],"wp:featuredmedia":[{"embeddable":true,"href":"https:\/\/archive.sana.sy\/tr\/index.php?rest_route=\/wp\/v2\/media\/311978"}],"wp:attachment":[{"href":"https:\/\/archive.sana.sy\/tr\/index.php?rest_route=%2Fwp%2Fv2%2Fmedia&parent=311977"}],"wp:term":[{"taxonomy":"category","embeddable":true,"href":"https:\/\/archive.sana.sy\/tr\/index.php?rest_route=%2Fwp%2Fv2%2Fcategories&post=311977"},{"taxonomy":"post_tag","embeddable":true,"href":"https:\/\/archive.sana.sy\/tr\/index.php?rest_route=%2Fwp%2Fv2%2Ftags&post=311977"}],"curies":[{"name":"wp","href":"https:\/\/api.w.org\/{rel}","templated":true}]}}