{"id":311983,"date":"2024-11-23T05:45:57","date_gmt":"2024-11-23T02:45:57","guid":{"rendered":"https:\/\/sana.sy\/tr\/?p=311983"},"modified":"2024-11-23T18:50:00","modified_gmt":"2024-11-23T15:50:00","slug":"kultur-bakanligi-kultur-hayatin-mesajidir-kutlamasina-son-dokunuslarini-yapti","status":"publish","type":"post","link":"https:\/\/archive.sana.sy\/tr\/?p=311983","title":{"rendered":"K\u00fclt\u00fcr Bakanl\u0131\u011f\u0131, \u201cK\u00fclt\u00fcr Hayat\u0131n Mesaj\u0131d\u0131r\u201d Kutlamas\u0131na Son Dokunu\u015flar\u0131n\u0131 Yapt\u0131"},"content":{"rendered":"<p style=\"text-align: justify;\"><span style=\"color: #800000;\"><strong>\u015eAM (SANA)<\/strong> <\/span>&#8211; K\u00fclt\u00fcr Bakanl\u0131\u011f\u0131, Bakanl\u0131\u011f\u0131n kurulu\u015funun 66&#8217;nc\u0131 y\u0131l d\u00f6n\u00fcm\u00fc nedeniyle ger\u00e7ekle\u015ftirilen &#8220;K\u00fclt\u00fcr Bir Hayat\u0131n Mesaj\u0131d\u0131r&#8221; kutlamas\u0131n\u0131n lansman\u0131 i\u00e7in son Dokunu\u015flar\u0131n\u0131 yapt\u0131.<\/p>\n<p style=\"text-align: justify;\">\u00a0Kutlama yar\u0131n ba\u015flayacak ve \u00e7e\u015fitli valiliklerde bu ay\u0131n 28&#8217;ine kadar devam edecek.<\/p>\n<p style=\"text-align: justify;\">\u201cK\u00fclt\u00fcr Bir Hayat\u0131n Mesaj\u0131d\u0131r\u201d kutlamalar\u0131n\u0131n \u00e7e\u015fitli valiliklerde ger\u00e7ekle\u015ftirilen m\u00fczik, tiyatro, plastik sanatlar, sinema, fikir, arkeolojik ve k\u00fclt\u00fcrel miras etkinliklerinin de aralar\u0131nda bulundu\u011fu 240&#8217;a yak\u0131n k\u00fclt\u00fcrel etkinli\u011fi i\u00e7ermesi dikkat \u00e7ekiyor.<\/p>\n<p style=\"text-align: center;\"><strong><a href=\"https:\/\/t.me\/SuriyeArapHaberAjansI\">Telegram Kanal\u0131m\u0131z\u00a0<\/a><span style=\"color: #ff0000;\">||<\/span><a href=\"https:\/\/twitter.com\/arap_ajans\">X Platformumuz\u00a0<\/a><span style=\"color: #ff0000;\">||<\/span><a href=\"https:\/\/www.facebook.com\/SANAHaberAjansi\/\">Facebook Sayfam\u0131z<\/a><\/strong><\/p>\n","protected":false},"excerpt":{"rendered":"<p>\u015eAM (SANA) &#8211; K\u00fclt\u00fcr Bakanl\u0131\u011f\u0131, Bakanl\u0131\u011f\u0131n kurulu\u015funun 66&#8217;nc\u0131 y\u0131l d\u00f6n\u00fcm\u00fc nedeniyle ger\u00e7ekle\u015ftirilen &#8220;K\u00fclt\u00fcr Bir Hayat\u0131n Mesaj\u0131d\u0131r&#8221; kutlamas\u0131n\u0131n lansman\u0131 i\u00e7in son Dokunu\u015flar\u0131n\u0131 yapt\u0131. \u00a0Kutlama yar\u0131n ba\u015flayacak ve \u00e7e\u015fitli valiliklerde bu ay\u0131n 28&#8217;ine kadar devam edecek. \u201cK\u00fclt\u00fcr Bir Hayat\u0131n Mesaj\u0131d\u0131r\u201d kutlamalar\u0131n\u0131n \u00e7e\u015fitli valiliklerde ger\u00e7ekle\u015ftirilen m\u00fczik, tiyatro, plastik sanatlar, sinema, fikir, arkeolojik ve k\u00fclt\u00fcrel miras etkinliklerinin de aralar\u0131nda &hellip;<\/p>\n","protected":false},"author":41,"featured_media":311984,"comment_status":"closed","ping_status":"closed","sticky":false,"template":"","format":"standard","meta":{"footnotes":""},"categories":[479,516,511,17988,478],"tags":[],"class_list":["post-311983","post","type-post","status-publish","format-standard","has-post-thumbnail","","category-haberler-yerel","category-haberler-kultur-ve-sanat","category-kultur-ve-sanat","category-son-haberler","category-yerel"],"_links":{"self":[{"href":"https:\/\/archive.sana.sy\/tr\/index.php?rest_route=\/wp\/v2\/posts\/311983","targetHints":{"allow":["GET"]}}],"collection":[{"href":"https:\/\/archive.sana.sy\/tr\/index.php?rest_route=\/wp\/v2\/posts"}],"about":[{"href":"https:\/\/archive.sana.sy\/tr\/index.php?rest_route=\/wp\/v2\/types\/post"}],"author":[{"embeddable":true,"href":"https:\/\/archive.sana.sy\/tr\/index.php?rest_route=\/wp\/v2\/users\/41"}],"replies":[{"embeddable":true,"href":"https:\/\/archive.sana.sy\/tr\/index.php?rest_route=%2Fwp%2Fv2%2Fcomments&post=311983"}],"version-history":[{"count":1,"href":"https:\/\/archive.sana.sy\/tr\/index.php?rest_route=\/wp\/v2\/posts\/311983\/revisions"}],"predecessor-version":[{"id":311985,"href":"https:\/\/archive.sana.sy\/tr\/index.php?rest_route=\/wp\/v2\/posts\/311983\/revisions\/311985"}],"wp:featuredmedia":[{"embeddable":true,"href":"https:\/\/archive.sana.sy\/tr\/index.php?rest_route=\/wp\/v2\/media\/311984"}],"wp:attachment":[{"href":"https:\/\/archive.sana.sy\/tr\/index.php?rest_route=%2Fwp%2Fv2%2Fmedia&parent=311983"}],"wp:term":[{"taxonomy":"category","embeddable":true,"href":"https:\/\/archive.sana.sy\/tr\/index.php?rest_route=%2Fwp%2Fv2%2Fcategories&post=311983"},{"taxonomy":"post_tag","embeddable":true,"href":"https:\/\/archive.sana.sy\/tr\/index.php?rest_route=%2Fwp%2Fv2%2Ftags&post=311983"}],"curies":[{"name":"wp","href":"https:\/\/api.w.org\/{rel}","templated":true}]}}