{"id":311993,"date":"2024-11-24T11:30:41","date_gmt":"2024-11-24T08:30:41","guid":{"rendered":"https:\/\/sana.sy\/tr\/?p=311993"},"modified":"2024-11-24T14:34:17","modified_gmt":"2024-11-24T11:34:17","slug":"israilin-gazze-seridine-yonelik-devam-eden-saldirganligi-sonucu-aralarinda-cocuklarin-da-bulundugu-7-sehit","status":"publish","type":"post","link":"https:\/\/archive.sana.sy\/tr\/?p=311993","title":{"rendered":"\u0130srail&#8217;in Gazze \u015eeridi&#8217;ne y\u00f6nelik Devam Eden Sald\u0131rganl\u0131\u011f\u0131 Sonucu aralar\u0131nda \u00c7ocuklar\u0131n Da Bulundu\u011fu 7 \u015eehit"},"content":{"rendered":"<p style=\"text-align: justify;\"><span style=\"color: #800000;\"><strong>\u0130\u015eGAL ED\u0130LEN KUD\u00dcS (SANA)<\/strong> <\/span>\u2013 \u00a0\u0130srail i\u015fgal u\u00e7aklar\u0131n\u0131n Gazze \u015eeridi&#8217;nin merkezindeki El Megazi ve El Bureij kamplar\u0131n\u0131 bug\u00fcn bombalamas\u0131 sonucu 4&#8217;\u00fc \u00e7ocuk 7 Filistinli \u015fehit oldu, \u00e7ok say\u0131da ki\u015fi de yaraland\u0131.<\/p>\n<p style=\"text-align: justify;\">Wafa Ajans\u0131, Gazze \u015eeridi&#8217;nin merkezindeki Maghazi kamp\u0131ndaki bir evin i\u015fgalci bombard\u0131man\u0131 sonucu iki \u00e7ocu\u011fun \u00f6ld\u00fc\u011f\u00fcn\u00fc, di\u011ferlerinin de yaraland\u0131\u011f\u0131n\u0131 bildirdi. Bu arada i\u015fgalcilerin Gazze \u015eeridi&#8217;nin merkezindeki Bureij kamp\u0131ndaki bir evi bombalamas\u0131 sonucu ikisi k\u0131z karde\u015f olmak \u00fczere 4 ki\u015fi \u015fehit oldu.<\/p>\n<p style=\"text-align: justify;\">\u0130lgili ba\u011flamda, ambulans ve kurtarma ekipleri Gazze \u015eehri&#8217;nin kuzeybat\u0131s\u0131ndaki El Saftavi b\u00f6lgesinde iki \u015fehidin naa\u015f\u0131n\u0131 \u00e7\u0131kard\u0131. \u0130\u015fgal g\u00fc\u00e7leri ayr\u0131ca, Tahlia kav\u015fa\u011f\u0131ndan Gazze \u015eeridi&#8217;nin g\u00fcneyinde Han Yunus&#8217;un do\u011fusundaki Ma&#8217;an b\u00f6lgesine kadar uzanan Selahaddin Caddesi&#8217;ne a\u011f\u0131r kur\u015funlar ya\u011fd\u0131rd\u0131.<\/p>\n<p style=\"text-align: justify;\">Gazze \u015eeridi&#8217;nin g\u00fcneyinde, Refah \u015fehrinin kuzeyinde, Khirbet Al-Adas&#8217;ta bulunan El Akkad Okulu yak\u0131n\u0131nda toplanan vatanda\u015flara y\u00f6nelik i\u015fgal bombard\u0131man\u0131 sonucu \u00e7ok say\u0131da Filistinli a\u011f\u0131r yaraland\u0131.<\/p>\n<p style=\"text-align: justify;\">D\u00fcn gece yar\u0131s\u0131ndan sonra \u0130srail i\u015fgali, Gazze \u015eeridi&#8217;nin kuzeyindeki Beyt Lahya kasabas\u0131ndaki \u015eehit Kemal Advan Hastanesi&#8217;ni yeniden hedef ald\u0131. \u0130\u015fgalciler ana oksijen istasyonunu bombalayarak hastane m\u00fcd\u00fcr\u00fc de dahil \u00e7ok say\u0131da sa\u011fl\u0131k personelini yaralad\u0131.<\/p>\n<p style=\"text-align: center;\"><strong><a href=\"https:\/\/t.me\/SuriyeArapHaberAjansI\">Telegram Kanal\u0131m\u0131z\u00a0<\/a><span style=\"color: #ff0000;\">||<\/span><a href=\"https:\/\/twitter.com\/arap_ajans\">X Platformumuz\u00a0<\/a><span style=\"color: #ff0000;\">||<\/span><a href=\"https:\/\/www.facebook.com\/SANAHaberAjansi\/\">Facebook Sayfam\u0131z<\/a><\/strong><\/p>\n","protected":false},"excerpt":{"rendered":"<p>\u0130\u015eGAL ED\u0130LEN KUD\u00dcS (SANA) \u2013 \u00a0\u0130srail i\u015fgal u\u00e7aklar\u0131n\u0131n Gazze \u015eeridi&#8217;nin merkezindeki El Megazi ve El Bureij kamplar\u0131n\u0131 bug\u00fcn bombalamas\u0131 sonucu 4&#8217;\u00fc \u00e7ocuk 7 Filistinli \u015fehit oldu, \u00e7ok say\u0131da ki\u015fi de yaraland\u0131. Wafa Ajans\u0131, Gazze \u015eeridi&#8217;nin merkezindeki Maghazi kamp\u0131ndaki bir evin i\u015fgalci bombard\u0131man\u0131 sonucu iki \u00e7ocu\u011fun \u00f6ld\u00fc\u011f\u00fcn\u00fc, di\u011ferlerinin de yaraland\u0131\u011f\u0131n\u0131 bildirdi. Bu arada i\u015fgalcilerin Gazze \u015eeridi&#8217;nin &hellip;<\/p>\n","protected":false},"author":41,"featured_media":311994,"comment_status":"closed","ping_status":"closed","sticky":false,"template":"","format":"standard","meta":{"footnotes":""},"categories":[458,589,459,17988],"tags":[42939],"class_list":["post-311993","post","type-post","status-publish","format-standard","has-post-thumbnail","","category-dunya1","category-haber-seridi","category-haberler-arap-uluslararasi-politika","category-son-haberler","tag-israilin-gazze-seridine-yonelik-devam-eden-saldirganligi-sonucu-aralarinda-cocuklarin-da-bulundugu-7-sehit"],"_links":{"self":[{"href":"https:\/\/archive.sana.sy\/tr\/index.php?rest_route=\/wp\/v2\/posts\/311993","targetHints":{"allow":["GET"]}}],"collection":[{"href":"https:\/\/archive.sana.sy\/tr\/index.php?rest_route=\/wp\/v2\/posts"}],"about":[{"href":"https:\/\/archive.sana.sy\/tr\/index.php?rest_route=\/wp\/v2\/types\/post"}],"author":[{"embeddable":true,"href":"https:\/\/archive.sana.sy\/tr\/index.php?rest_route=\/wp\/v2\/users\/41"}],"replies":[{"embeddable":true,"href":"https:\/\/archive.sana.sy\/tr\/index.php?rest_route=%2Fwp%2Fv2%2Fcomments&post=311993"}],"version-history":[{"count":1,"href":"https:\/\/archive.sana.sy\/tr\/index.php?rest_route=\/wp\/v2\/posts\/311993\/revisions"}],"predecessor-version":[{"id":311995,"href":"https:\/\/archive.sana.sy\/tr\/index.php?rest_route=\/wp\/v2\/posts\/311993\/revisions\/311995"}],"wp:featuredmedia":[{"embeddable":true,"href":"https:\/\/archive.sana.sy\/tr\/index.php?rest_route=\/wp\/v2\/media\/311994"}],"wp:attachment":[{"href":"https:\/\/archive.sana.sy\/tr\/index.php?rest_route=%2Fwp%2Fv2%2Fmedia&parent=311993"}],"wp:term":[{"taxonomy":"category","embeddable":true,"href":"https:\/\/archive.sana.sy\/tr\/index.php?rest_route=%2Fwp%2Fv2%2Fcategories&post=311993"},{"taxonomy":"post_tag","embeddable":true,"href":"https:\/\/archive.sana.sy\/tr\/index.php?rest_route=%2Fwp%2Fv2%2Ftags&post=311993"}],"curies":[{"name":"wp","href":"https:\/\/api.w.org\/{rel}","templated":true}]}}