{"id":31201,"date":"2015-04-28T12:15:29","date_gmt":"2015-04-28T09:15:29","guid":{"rendered":"http:\/\/www.sana.sy\/tr\/?p=31201"},"modified":"2015-04-28T12:46:50","modified_gmt":"2015-04-28T09:46:50","slug":"idlib-erihaya-un-gida-ve-tibbi-yardim-konvoyu-gecirildi","status":"publish","type":"post","link":"https:\/\/archive.sana.sy\/tr\/?p=31201","title":{"rendered":"\u0130dlib Eriha\u2019ya Un, G\u0131da ve T\u0131bbi Yard\u0131m Konvoyu Ge\u00e7irildi"},"content":{"rendered":"<p>\u0130DL\u0130B \u2013 \u0130dlib Valili\u011fi, kentin g\u00fcney k\u0131rsal\u0131ndaki Eriha\u2019ya un, g\u0131da maddeleri, sebze ve mahrukat dolu yard\u0131m kafilesi ge\u00e7irdi.<\/p>\n<p>\u0130dlib Valisi Hayrettin el Seyyid SANA\u2019ya \u00f6zel a\u00e7\u0131klamalar\u0131nda, yard\u0131m kafilesinin ordu ve silahl\u0131 kuvvetler taraf\u0131ndan tam bir \u015fekilde temin edilmesi ard\u0131ndan Hama kenti kuzeybat\u0131s\u0131ndaki Curin yolu \u00fczerinden ge\u00e7irildi\u011fine i\u015faret etti.<\/p>\n<p>Vali kafilenin, 350 ton yan\u0131 s\u0131ra, yak\u0131t, sa\u011fl\u0131k ve muhtelif temel g\u0131da maddeleri ile sebze ve meyve dolu 7 t\u0131r arac\u0131ndan olu\u015ftu\u011funu s\u00f6yledi.<\/p>\n<p>Bilinece\u011fi \u00fczere Eriha kenti, ihvanc\u0131 Erdo\u011fan rejimiyle ba\u011fl\u0131 Nusra Cephesi ve di\u011fer ter\u00f6r \u00f6rg\u00fctleri taraf\u0131ndan ter\u00f6r sald\u0131r\u0131lar\u0131na maruz kalmakta, s\u00f6z konusu \u00f6rg\u00fctler de kente giden g\u0131da ve temel maddelerden olu\u015fan yard\u0131m ara\u00e7lar\u0131ndan olu\u015fan kafileleri hedef alma yoluyla kenti abluka alt\u0131na almay\u0131 hedefliyor.<\/p>\n<p>S.\u015e<\/p>\n","protected":false},"excerpt":{"rendered":"<p>\u0130DL\u0130B \u2013 \u0130dlib Valili\u011fi, kentin g\u00fcney k\u0131rsal\u0131ndaki Eriha\u2019ya un, g\u0131da maddeleri, sebze ve mahrukat dolu yard\u0131m kafilesi ge\u00e7irdi. \u0130dlib Valisi Hayrettin el Seyyid SANA\u2019ya \u00f6zel a\u00e7\u0131klamalar\u0131nda, yard\u0131m kafilesinin ordu ve silahl\u0131 kuvvetler taraf\u0131ndan tam bir \u015fekilde temin edilmesi ard\u0131ndan Hama kenti kuzeybat\u0131s\u0131ndaki Curin yolu \u00fczerinden ge\u00e7irildi\u011fine i\u015faret etti. Vali kafilenin, 350 ton yan\u0131 s\u0131ra, yak\u0131t, &hellip;<\/p>\n","protected":false},"author":1,"featured_media":31210,"comment_status":"closed","ping_status":"closed","sticky":false,"template":"","format":"standard","meta":{"footnotes":""},"categories":[479,478],"tags":[14136,14135],"class_list":["post-31201","post","type-post","status-publish","format-standard","has-post-thumbnail","","category-haberler-yerel","category-yerel","tag-gida-ve-tibbi-yardim-konvoyu-gecirildi","tag-idlib-erihaya-un"],"_links":{"self":[{"href":"https:\/\/archive.sana.sy\/tr\/index.php?rest_route=\/wp\/v2\/posts\/31201","targetHints":{"allow":["GET"]}}],"collection":[{"href":"https:\/\/archive.sana.sy\/tr\/index.php?rest_route=\/wp\/v2\/posts"}],"about":[{"href":"https:\/\/archive.sana.sy\/tr\/index.php?rest_route=\/wp\/v2\/types\/post"}],"author":[{"embeddable":true,"href":"https:\/\/archive.sana.sy\/tr\/index.php?rest_route=\/wp\/v2\/users\/1"}],"replies":[{"embeddable":true,"href":"https:\/\/archive.sana.sy\/tr\/index.php?rest_route=%2Fwp%2Fv2%2Fcomments&post=31201"}],"version-history":[{"count":0,"href":"https:\/\/archive.sana.sy\/tr\/index.php?rest_route=\/wp\/v2\/posts\/31201\/revisions"}],"wp:featuredmedia":[{"embeddable":true,"href":"https:\/\/archive.sana.sy\/tr\/index.php?rest_route=\/wp\/v2\/media\/31210"}],"wp:attachment":[{"href":"https:\/\/archive.sana.sy\/tr\/index.php?rest_route=%2Fwp%2Fv2%2Fmedia&parent=31201"}],"wp:term":[{"taxonomy":"category","embeddable":true,"href":"https:\/\/archive.sana.sy\/tr\/index.php?rest_route=%2Fwp%2Fv2%2Fcategories&post=31201"},{"taxonomy":"post_tag","embeddable":true,"href":"https:\/\/archive.sana.sy\/tr\/index.php?rest_route=%2Fwp%2Fv2%2Ftags&post=31201"}],"curies":[{"name":"wp","href":"https:\/\/api.w.org\/{rel}","templated":true}]}}