{"id":312031,"date":"2024-11-25T11:02:49","date_gmt":"2024-11-25T08:02:49","guid":{"rendered":"https:\/\/sana.sy\/tr\/?p=312031"},"modified":"2024-11-25T11:05:53","modified_gmt":"2024-11-25T08:05:53","slug":"isgal-gucleri-bati-seriada-16-filistinliyi-tutukladi","status":"publish","type":"post","link":"https:\/\/archive.sana.sy\/tr\/?p=312031","title":{"rendered":"\u0130srail \u0130\u015fgal G\u00fc\u00e7leri Bat\u0131 \u015eeria&#8217;da 16 Filistinliyi Tutuklad\u0131"},"content":{"rendered":"<p style=\"text-align: justify;\"><strong>\u0130\u015eGAL ED\u0130LEN KUD\u00dcS (SANA)<\/strong> &#8211;\u00a0 \u0130srail i\u015fgal g\u00fc\u00e7leri bug\u00fcn Bat\u0131 \u015eeria&#8217;da 16 Filistinliyi tutuklad\u0131.<\/p>\n<p style=\"text-align: justify;\">WAFA Haber Ajans\u0131,&#8221; \u0130\u015fgal g\u00fc\u00e7leri Beyt\u00fcllahim&#8217;deki Tuku, Cenin&#8217;deki Rummana, Ramallah&#8217;taki Karavat Beni Zeyid, Beyt Duku, Kud\u00fcs&#8217;teki \u015euafat Kamp\u0131, Sa&#8217;ir, El Halil&#8217;deki El Arrub Kamp\u0131 ve Eriha&#8217;daki Akabat Cabr Kamp\u0131 kasabalar\u0131na sad\u0131r\u0131 d\u00fczenlediler ve 15 Filistinliyi tutuklad\u0131l&#8221; dedi.<\/p>\n<p style=\"text-align: justify;\">\u0130\u015fgal g\u00fc\u00e7leri, i\u015fgalin k\u00f6ye yeni askeri takviye kuvvetleri g\u00f6ndermesi \u00fczerine Cumartesi ak\u015fam\u0131ndan bu yana sald\u0131r\u0131lar\u0131n\u0131 s\u00fcrd\u00fcrd\u00fc\u011f\u00fc Ramallah&#8217;\u0131n do\u011fusundaki El Mu\u011fayir k\u00f6y\u00fcnde bir Filistinliyi de tutuklad\u0131.<\/p>\n<p style=\"text-align: center;\"><strong><a href=\"https:\/\/t.me\/SuriyeArapHaberAjansI\">Telegram Kanal\u0131m\u0131z\u00a0<\/a>||<a href=\"https:\/\/twitter.com\/arap_ajans\">X Platformumuz\u00a0<\/a>||<a href=\"https:\/\/www.facebook.com\/SANAHaberAjansi\/\">Facebook Sayfam\u0131z<\/a><\/strong><\/p>\n","protected":false},"excerpt":{"rendered":"<p>\u0130\u015eGAL ED\u0130LEN KUD\u00dcS (SANA) &#8211;\u00a0 \u0130srail i\u015fgal g\u00fc\u00e7leri bug\u00fcn Bat\u0131 \u015eeria&#8217;da 16 Filistinliyi tutuklad\u0131. WAFA Haber Ajans\u0131,&#8221; \u0130\u015fgal g\u00fc\u00e7leri Beyt\u00fcllahim&#8217;deki Tuku, Cenin&#8217;deki Rummana, Ramallah&#8217;taki Karavat Beni Zeyid, Beyt Duku, Kud\u00fcs&#8217;teki \u015euafat Kamp\u0131, Sa&#8217;ir, El Halil&#8217;deki El Arrub Kamp\u0131 ve Eriha&#8217;daki Akabat Cabr Kamp\u0131 kasabalar\u0131na sad\u0131r\u0131 d\u00fczenlediler ve 15 Filistinliyi tutuklad\u0131l&#8221; dedi. \u0130\u015fgal g\u00fc\u00e7leri, i\u015fgalin k\u00f6ye &hellip;<\/p>\n","protected":false},"author":39,"featured_media":312032,"comment_status":"closed","ping_status":"closed","sticky":false,"template":"","format":"standard","meta":{"footnotes":""},"categories":[458,589,459,17988],"tags":[],"class_list":["post-312031","post","type-post","status-publish","format-standard","has-post-thumbnail","","category-dunya1","category-haber-seridi","category-haberler-arap-uluslararasi-politika","category-son-haberler"],"_links":{"self":[{"href":"https:\/\/archive.sana.sy\/tr\/index.php?rest_route=\/wp\/v2\/posts\/312031","targetHints":{"allow":["GET"]}}],"collection":[{"href":"https:\/\/archive.sana.sy\/tr\/index.php?rest_route=\/wp\/v2\/posts"}],"about":[{"href":"https:\/\/archive.sana.sy\/tr\/index.php?rest_route=\/wp\/v2\/types\/post"}],"author":[{"embeddable":true,"href":"https:\/\/archive.sana.sy\/tr\/index.php?rest_route=\/wp\/v2\/users\/39"}],"replies":[{"embeddable":true,"href":"https:\/\/archive.sana.sy\/tr\/index.php?rest_route=%2Fwp%2Fv2%2Fcomments&post=312031"}],"version-history":[{"count":2,"href":"https:\/\/archive.sana.sy\/tr\/index.php?rest_route=\/wp\/v2\/posts\/312031\/revisions"}],"predecessor-version":[{"id":312034,"href":"https:\/\/archive.sana.sy\/tr\/index.php?rest_route=\/wp\/v2\/posts\/312031\/revisions\/312034"}],"wp:featuredmedia":[{"embeddable":true,"href":"https:\/\/archive.sana.sy\/tr\/index.php?rest_route=\/wp\/v2\/media\/312032"}],"wp:attachment":[{"href":"https:\/\/archive.sana.sy\/tr\/index.php?rest_route=%2Fwp%2Fv2%2Fmedia&parent=312031"}],"wp:term":[{"taxonomy":"category","embeddable":true,"href":"https:\/\/archive.sana.sy\/tr\/index.php?rest_route=%2Fwp%2Fv2%2Fcategories&post=312031"},{"taxonomy":"post_tag","embeddable":true,"href":"https:\/\/archive.sana.sy\/tr\/index.php?rest_route=%2Fwp%2Fv2%2Ftags&post=312031"}],"curies":[{"name":"wp","href":"https:\/\/api.w.org\/{rel}","templated":true}]}}