{"id":31207,"date":"2015-04-28T12:34:33","date_gmt":"2015-04-28T09:34:33","guid":{"rendered":"http:\/\/www.sana.sy\/tr\/?p=31207"},"modified":"2015-04-28T12:34:33","modified_gmt":"2015-04-28T09:34:33","slug":"golanli-vatandaslarimiz-vatan-sehitlerini-son-yolculuklarina-ugurladi","status":"publish","type":"post","link":"https:\/\/archive.sana.sy\/tr\/?p=31207","title":{"rendered":"Golanl\u0131 Vatanda\u015flar\u0131m\u0131z Vatan \u015eehitlerini Son Yolculuklar\u0131na U\u011furlad\u0131"},"content":{"rendered":"<p>GOLAN \u2013 \u0130\u015fgal alt\u0131ndaki Golanl\u0131 vatanda\u015flar\u0131m\u0131z d\u00fcn, i\u015fgal edilen Mecdel \u015eems Beldesinin do\u011fusunda ate\u015fkes hatt\u0131 \u00fczerinde \u0130srail sald\u0131r\u0131s\u0131yla temiz Suriye topraklar\u0131n\u0131 savunurken \u015fehit d\u00fc\u015fen \u015fehitlerini son yolculu\u011funa u\u011furlad\u0131.<\/p>\n<p>Cenaze merasimine kat\u0131lanlar anavatan Suriye bayraklar\u0131 ta\u015f\u0131yarak, \u015fehitlik, anavatan Suriye ve Suriye Arap Ordusu lehine sloganlar att\u0131lar.<\/p>\n<p>Kat\u0131l\u0131mc\u0131lar ayr\u0131ca, Golanl\u0131 vatanda\u015flara y\u00f6nelik \u0130srail sald\u0131r\u0131lar\u0131 ve Suriye\u2019deki ter\u00f6rist \u00f6rg\u00fctlere y\u00f6nelik deste\u011fini k\u0131nayarak, bunun kendilerini i\u015fgale kar\u015f\u0131 direni\u015flerini s\u00fcrd\u00fcrmekten men etmeyece\u011fini belirttiler.<\/p>\n<p>Mecdel \u015eems Beldesi \u015eam Merkezinde evlatlar\u0131n\u0131n \u015fehitlikleriyle terbileri kabul eden \u015fehit aile ve yak\u0131nlar\u0131, vatandan ba\u015fka de\u011ferli \u015feyin olmad\u0131\u011f\u0131n\u0131 ve zafere eri\u015fece\u011fini, fedakarl\u0131klar verilmeden Golan\u2019\u0131n bir kar\u0131\u015f topra\u011f\u0131n\u0131n dahi kurtulamayaca\u011f\u0131n\u0131 vurgulad\u0131lar.<\/p>\n<p>Ahali, bug\u00fcnk\u00fc \u015fehitlerin vatan topra\u011f\u0131n\u0131 savunduklar\u0131n\u0131 ve i\u015fgale kar\u015f\u0131 sava\u015fanlar olduklar\u0131n\u0131 dile getirdiler.<\/p>\n<p>S.\u015e<\/p>\n","protected":false},"excerpt":{"rendered":"<p>GOLAN \u2013 \u0130\u015fgal alt\u0131ndaki Golanl\u0131 vatanda\u015flar\u0131m\u0131z d\u00fcn, i\u015fgal edilen Mecdel \u015eems Beldesinin do\u011fusunda ate\u015fkes hatt\u0131 \u00fczerinde \u0130srail sald\u0131r\u0131s\u0131yla temiz Suriye topraklar\u0131n\u0131 savunurken \u015fehit d\u00fc\u015fen \u015fehitlerini son yolculu\u011funa u\u011furlad\u0131. Cenaze merasimine kat\u0131lanlar anavatan Suriye bayraklar\u0131 ta\u015f\u0131yarak, \u015fehitlik, anavatan Suriye ve Suriye Arap Ordusu lehine sloganlar att\u0131lar. Kat\u0131l\u0131mc\u0131lar ayr\u0131ca, Golanl\u0131 vatanda\u015flara y\u00f6nelik \u0130srail sald\u0131r\u0131lar\u0131 ve Suriye\u2019deki ter\u00f6rist &hellip;<\/p>\n","protected":false},"author":1,"featured_media":31208,"comment_status":"closed","ping_status":"closed","sticky":false,"template":"","format":"standard","meta":{"footnotes":""},"categories":[479,478],"tags":[14137],"class_list":["post-31207","post","type-post","status-publish","format-standard","has-post-thumbnail","","category-haberler-yerel","category-yerel","tag-golanli-vatandaslarimiz-vatan-sehitlerini-son-yolculuklarina-ugurladi"],"_links":{"self":[{"href":"https:\/\/archive.sana.sy\/tr\/index.php?rest_route=\/wp\/v2\/posts\/31207","targetHints":{"allow":["GET"]}}],"collection":[{"href":"https:\/\/archive.sana.sy\/tr\/index.php?rest_route=\/wp\/v2\/posts"}],"about":[{"href":"https:\/\/archive.sana.sy\/tr\/index.php?rest_route=\/wp\/v2\/types\/post"}],"author":[{"embeddable":true,"href":"https:\/\/archive.sana.sy\/tr\/index.php?rest_route=\/wp\/v2\/users\/1"}],"replies":[{"embeddable":true,"href":"https:\/\/archive.sana.sy\/tr\/index.php?rest_route=%2Fwp%2Fv2%2Fcomments&post=31207"}],"version-history":[{"count":0,"href":"https:\/\/archive.sana.sy\/tr\/index.php?rest_route=\/wp\/v2\/posts\/31207\/revisions"}],"wp:featuredmedia":[{"embeddable":true,"href":"https:\/\/archive.sana.sy\/tr\/index.php?rest_route=\/wp\/v2\/media\/31208"}],"wp:attachment":[{"href":"https:\/\/archive.sana.sy\/tr\/index.php?rest_route=%2Fwp%2Fv2%2Fmedia&parent=31207"}],"wp:term":[{"taxonomy":"category","embeddable":true,"href":"https:\/\/archive.sana.sy\/tr\/index.php?rest_route=%2Fwp%2Fv2%2Fcategories&post=31207"},{"taxonomy":"post_tag","embeddable":true,"href":"https:\/\/archive.sana.sy\/tr\/index.php?rest_route=%2Fwp%2Fv2%2Ftags&post=31207"}],"curies":[{"name":"wp","href":"https:\/\/api.w.org\/{rel}","templated":true}]}}