{"id":312083,"date":"2024-11-25T16:07:11","date_gmt":"2024-11-25T13:07:11","guid":{"rendered":"https:\/\/sana.sy\/tr\/?p=312083"},"modified":"2024-11-25T16:08:30","modified_gmt":"2024-11-25T13:08:30","slug":"hamaney-filistin-ve-lubnandaki-evleri-bombalamak-savas-sucudur-ve-siyonist-varlik-zafere-ulasamadi-ve-ulasamayacak","status":"publish","type":"post","link":"https:\/\/archive.sana.sy\/tr\/?p=312083","title":{"rendered":"Hamaney: Filistin Ve L\u00fcbnan&#8217;daki Evleri Bombalamak Sava\u015f Su\u00e7udur Ve Siyonist Varl\u0131k Zafere Ula\u015famad\u0131 Ve Ula\u015famayacak."},"content":{"rendered":"<p style=\"text-align: justify;\"><span style=\"color: #800000;\"><strong>TAHRAN (SANA)<\/strong> <\/span>&#8211; \u0130ran \u0130slam Devrimi Lideri Say\u0131n Ali Hamaney, Siyonist olu\u015fumun Filistin ve L\u00fcbnan&#8217;daki ev ve hastaneleri bombalamas\u0131n\u0131n bir zafer de\u011fil, sava\u015f su\u00e7u oldu\u011funu vurgulayarak, direni\u015fin kendisine kar\u015f\u0131 koyma konusunda giderek daha kararl\u0131 hale geldi\u011fini, kendisinin herhangi bir zafer elde edemedi\u011fini ve elde edemeyece\u011fini kaydetti.<\/p>\n<p style=\"text-align: justify;\">Hamaney bug\u00fcn \u0130ran&#8217;daki Seferberlik Haftas\u0131 vesilesiyle yapt\u0131\u011f\u0131 konu\u015fmada \u015funlar\u0131 s\u00f6yledi: Uluslararas\u0131 Ceza Mahkemesi&#8217;nin \u0130srailli sava\u015f su\u00e7lular\u0131na kar\u015f\u0131 tutuklama emri \u00e7\u0131karmas\u0131 yeterli de\u011fil, onlar\u0131n sorumlu tutulmas\u0131 ve infazlar\u0131 i\u00e7in bir emir \u00e7\u0131kar\u0131lmas\u0131 gerekiyor.\u2019\u2019<\/p>\n<p style=\"text-align: justify;\">Hamaney ayr\u0131ca, k\u00fcresel kibrin ve k\u00fcresel hegemonik g\u00fc\u00e7lerin di\u011fer halklar\u0131 kontrol alt\u0131na almak i\u00e7in giri\u015fti\u011fi ilk eylemlerden birinin onlar\u0131n yeteneklerini k\u00fc\u00e7\u00fcmsemek oldu\u011funa dikkat \u00e7ekerek, \u0130ran&#8217;daki ve direni\u015f cephesindeki seferberlik ruhunun ve s\u00fcrekli geli\u015fen yeteneklerin, ABD&#8217;nin ve Siyonist varl\u0131\u011f\u0131n bu varl\u0131\u011f\u0131n ortadan kalkaca\u011f\u0131na dair inanc\u0131 olan politikalar\u0131n\u0131n \u00fcstesinden gelmesini sa\u011flayaca\u011f\u0131n\u0131 a\u00e7\u0131klad\u0131.<\/p>\n<p style=\"text-align: center;\"><strong><a href=\"https:\/\/t.me\/SuriyeArapHaberAjansI\">Telegram Kanal\u0131m\u0131z\u00a0<\/a><span style=\"color: #ff0000;\">||<\/span><a href=\"https:\/\/twitter.com\/arap_ajans\">X Platformumuz\u00a0<\/a><span style=\"color: #ff0000;\">||<\/span><a href=\"https:\/\/www.facebook.com\/SANAHaberAjansi\/\">Facebook Sayfam\u0131z<\/a><\/strong><\/p>\n","protected":false},"excerpt":{"rendered":"<p>TAHRAN (SANA) &#8211; \u0130ran \u0130slam Devrimi Lideri Say\u0131n Ali Hamaney, Siyonist olu\u015fumun Filistin ve L\u00fcbnan&#8217;daki ev ve hastaneleri bombalamas\u0131n\u0131n bir zafer de\u011fil, sava\u015f su\u00e7u oldu\u011funu vurgulayarak, direni\u015fin kendisine kar\u015f\u0131 koyma konusunda giderek daha kararl\u0131 hale geldi\u011fini, kendisinin herhangi bir zafer elde edemedi\u011fini ve elde edemeyece\u011fini kaydetti. Hamaney bug\u00fcn \u0130ran&#8217;daki Seferberlik Haftas\u0131 vesilesiyle yapt\u0131\u011f\u0131 konu\u015fmada \u015funlar\u0131 &hellip;<\/p>\n","protected":false},"author":39,"featured_media":312086,"comment_status":"closed","ping_status":"closed","sticky":false,"template":"","format":"standard","meta":{"footnotes":""},"categories":[458,589,459,17988],"tags":[],"class_list":["post-312083","post","type-post","status-publish","format-standard","has-post-thumbnail","","category-dunya1","category-haber-seridi","category-haberler-arap-uluslararasi-politika","category-son-haberler"],"_links":{"self":[{"href":"https:\/\/archive.sana.sy\/tr\/index.php?rest_route=\/wp\/v2\/posts\/312083","targetHints":{"allow":["GET"]}}],"collection":[{"href":"https:\/\/archive.sana.sy\/tr\/index.php?rest_route=\/wp\/v2\/posts"}],"about":[{"href":"https:\/\/archive.sana.sy\/tr\/index.php?rest_route=\/wp\/v2\/types\/post"}],"author":[{"embeddable":true,"href":"https:\/\/archive.sana.sy\/tr\/index.php?rest_route=\/wp\/v2\/users\/39"}],"replies":[{"embeddable":true,"href":"https:\/\/archive.sana.sy\/tr\/index.php?rest_route=%2Fwp%2Fv2%2Fcomments&post=312083"}],"version-history":[{"count":2,"href":"https:\/\/archive.sana.sy\/tr\/index.php?rest_route=\/wp\/v2\/posts\/312083\/revisions"}],"predecessor-version":[{"id":312085,"href":"https:\/\/archive.sana.sy\/tr\/index.php?rest_route=\/wp\/v2\/posts\/312083\/revisions\/312085"}],"wp:featuredmedia":[{"embeddable":true,"href":"https:\/\/archive.sana.sy\/tr\/index.php?rest_route=\/wp\/v2\/media\/312086"}],"wp:attachment":[{"href":"https:\/\/archive.sana.sy\/tr\/index.php?rest_route=%2Fwp%2Fv2%2Fmedia&parent=312083"}],"wp:term":[{"taxonomy":"category","embeddable":true,"href":"https:\/\/archive.sana.sy\/tr\/index.php?rest_route=%2Fwp%2Fv2%2Fcategories&post=312083"},{"taxonomy":"post_tag","embeddable":true,"href":"https:\/\/archive.sana.sy\/tr\/index.php?rest_route=%2Fwp%2Fv2%2Ftags&post=312083"}],"curies":[{"name":"wp","href":"https:\/\/api.w.org\/{rel}","templated":true}]}}