{"id":312092,"date":"2024-11-25T16:19:00","date_gmt":"2024-11-25T13:19:00","guid":{"rendered":"https:\/\/sana.sy\/tr\/?p=312092"},"modified":"2024-11-25T16:21:56","modified_gmt":"2024-11-25T13:21:56","slug":"isgalin-gazze-seridindeki-bolgeleri-bombalamasi-sonucu-11-sehit","status":"publish","type":"post","link":"https:\/\/archive.sana.sy\/tr\/?p=312092","title":{"rendered":"\u0130\u015fgalin Gazze \u015eeridi&#8217;ndeki B\u00f6lgeleri Bombalamas\u0131 Sonucu 11 \u015eehit"},"content":{"rendered":"<p style=\"text-align: justify;\"><strong><span style=\"color: #800000;\">\u0130\u015eGAL ED\u0130LEN KUD\u00dcS (SANA)<\/span> &#8211;<\/strong>\u00a0 \u0130srail&#8217;in bug\u00fcn Gazze \u015eeridi&#8217;nde bir\u00e7ok b\u00f6lgeyi i\u015fgalci bombard\u0131man\u0131 sonucu 11 Filistinli \u015fehit oldu, \u00e7ok say\u0131da ki\u015fi de yaraland\u0131.<\/p>\n<p style=\"text-align: justify;\">Wafa Ajans\u0131, \u2018\u2019\u0130\u015fgal u\u00e7aklar\u0131, Gazze \u015eeridi&#8217;nin g\u00fcneyindeki Refah \u015fehrinin kuzeyindeki Musabah b\u00f6lgesini, Cebeliye&#8217;de bir grup Filistinliyi ve Gazze \u015eeridi&#8217;nin kuzeyindeki Endonezya Hastanesi&#8217;nin \u00f6n\u00fcn\u00fc bombalad\u0131. Bu da 11 Filistinlinin \u00f6l\u00fcm\u00fcne ve di\u011ferlerinin de yaralanmas\u0131na yol a\u00e7t\u0131\u2019\u2019 dedi.<\/p>\n<p style=\"text-align: justify;\">\u0130\u015fgal top\u00e7ular\u0131 ayr\u0131ca El Man\u015fiye mahallesi ile Beyt Lahya kasabas\u0131ndaki bar\u0131nma merkezlerinin \u00e7evresini ve Gazze \u015eeridi&#8217;nin kuzeyindeki Cebeliye kamp\u0131ndaki Tel El Zaatar b\u00f6lgesini de bombalad\u0131.<\/p>\n<p style=\"text-align: center;\"><strong><a href=\"https:\/\/t.me\/SuriyeArapHaberAjansI\">Telegram Kanal\u0131m\u0131z\u00a0<\/a><span style=\"color: #ff0000;\">||<\/span><a href=\"https:\/\/twitter.com\/arap_ajans\">X Platformumuz\u00a0<\/a><span style=\"color: #ff0000;\">||<\/span><a href=\"https:\/\/www.facebook.com\/SANAHaberAjansi\/\">Facebook Sayfam\u0131z<\/a><\/strong><\/p>\n","protected":false},"excerpt":{"rendered":"<p>\u0130\u015eGAL ED\u0130LEN KUD\u00dcS (SANA) &#8211;\u00a0 \u0130srail&#8217;in bug\u00fcn Gazze \u015eeridi&#8217;nde bir\u00e7ok b\u00f6lgeyi i\u015fgalci bombard\u0131man\u0131 sonucu 11 Filistinli \u015fehit oldu, \u00e7ok say\u0131da ki\u015fi de yaraland\u0131. Wafa Ajans\u0131, \u2018\u2019\u0130\u015fgal u\u00e7aklar\u0131, Gazze \u015eeridi&#8217;nin g\u00fcneyindeki Refah \u015fehrinin kuzeyindeki Musabah b\u00f6lgesini, Cebeliye&#8217;de bir grup Filistinliyi ve Gazze \u015eeridi&#8217;nin kuzeyindeki Endonezya Hastanesi&#8217;nin \u00f6n\u00fcn\u00fc bombalad\u0131. Bu da 11 Filistinlinin \u00f6l\u00fcm\u00fcne ve di\u011ferlerinin de &hellip;<\/p>\n","protected":false},"author":39,"featured_media":312094,"comment_status":"closed","ping_status":"closed","sticky":false,"template":"","format":"standard","meta":{"footnotes":""},"categories":[458,589,459,17988],"tags":[42940],"class_list":["post-312092","post","type-post","status-publish","format-standard","has-post-thumbnail","","category-dunya1","category-haber-seridi","category-haberler-arap-uluslararasi-politika","category-son-haberler","tag-isgalin-gazze-seridindeki-bolgeleri-bombalamasi-sonucu-11-sehit"],"_links":{"self":[{"href":"https:\/\/archive.sana.sy\/tr\/index.php?rest_route=\/wp\/v2\/posts\/312092","targetHints":{"allow":["GET"]}}],"collection":[{"href":"https:\/\/archive.sana.sy\/tr\/index.php?rest_route=\/wp\/v2\/posts"}],"about":[{"href":"https:\/\/archive.sana.sy\/tr\/index.php?rest_route=\/wp\/v2\/types\/post"}],"author":[{"embeddable":true,"href":"https:\/\/archive.sana.sy\/tr\/index.php?rest_route=\/wp\/v2\/users\/39"}],"replies":[{"embeddable":true,"href":"https:\/\/archive.sana.sy\/tr\/index.php?rest_route=%2Fwp%2Fv2%2Fcomments&post=312092"}],"version-history":[{"count":3,"href":"https:\/\/archive.sana.sy\/tr\/index.php?rest_route=\/wp\/v2\/posts\/312092\/revisions"}],"predecessor-version":[{"id":312097,"href":"https:\/\/archive.sana.sy\/tr\/index.php?rest_route=\/wp\/v2\/posts\/312092\/revisions\/312097"}],"wp:featuredmedia":[{"embeddable":true,"href":"https:\/\/archive.sana.sy\/tr\/index.php?rest_route=\/wp\/v2\/media\/312094"}],"wp:attachment":[{"href":"https:\/\/archive.sana.sy\/tr\/index.php?rest_route=%2Fwp%2Fv2%2Fmedia&parent=312092"}],"wp:term":[{"taxonomy":"category","embeddable":true,"href":"https:\/\/archive.sana.sy\/tr\/index.php?rest_route=%2Fwp%2Fv2%2Fcategories&post=312092"},{"taxonomy":"post_tag","embeddable":true,"href":"https:\/\/archive.sana.sy\/tr\/index.php?rest_route=%2Fwp%2Fv2%2Ftags&post=312092"}],"curies":[{"name":"wp","href":"https:\/\/api.w.org\/{rel}","templated":true}]}}