{"id":312100,"date":"2024-11-25T16:33:40","date_gmt":"2024-11-25T13:33:40","guid":{"rendered":"https:\/\/sana.sy\/tr\/?p=312100"},"modified":"2024-11-25T16:34:19","modified_gmt":"2024-11-25T13:34:19","slug":"rus-kuvvetleri-ukraynaya-ait-8-balistik-fuze-ve-45-ihayi-dusurdu","status":"publish","type":"post","link":"https:\/\/archive.sana.sy\/tr\/?p=312100","title":{"rendered":"Rus Kuvvetleri Ukrayna&#8217;ya Ait 8 Balistik F\u00fcze Ve 45 \u0130HA\u2019y\u0131 D\u00fc\u015f\u00fcrd\u00fc"},"content":{"rendered":"<p><strong>MOSKOVA (SANA)<\/strong> &#8211; Rus g\u00fc\u00e7leri bir g\u00fcnde Ukrayna rejimine ait 8 balistik f\u00fcze, 4 JDAM g\u00fcd\u00fcml\u00fc hava bombas\u0131 ve 45 insans\u0131z hava arac\u0131n\u0131 d\u00fc\u015f\u00fcrd\u00fc.<\/p>\n<p>Rusya Savunma Bakanl\u0131\u011f\u0131, Donbas&#8217;taki \u00f6zel askeri operasyondaki geli\u015fmelere ili\u015fkin g\u00fcnl\u00fck raporunda \u015fu ifadelere yer verdi:<br \/>\n\u2022 \u201cRus havac\u0131l\u0131\u011f\u0131, f\u00fcze kuvvetleri ve top\u00e7u sald\u0131r\u0131lar\u0131, Ukrayna askeri-sanayi kompleksinin i\u015fleyi\u015fini destekleyen askeri hava sahalar\u0131n\u0131n ve enerji tesislerinin altyap\u0131s\u0131na ciddi \u015fekilde zarar verdi.<br \/>\n\u2022 Hava Kuvvetleri 138 b\u00f6lgede insan g\u00fcc\u00fc ve askeri te\u00e7hizat\u0131n yo\u011funla\u015fmas\u0131n\u0131 hedef ald\u0131.<br \/>\n\u2022 Rus kuvvetleri Kharkov Eyaleti ve Donetsk Cumhuriyeti&#8217;ndeki mevzilerini g\u00fc\u00e7lendirdi.<br \/>\n\u2022 Rus kuvvetleri, \u00e7e\u015fitli muharebe eksenlerinde Ukrayna&#8217;n\u0131n 17 sald\u0131r\u0131s\u0131n\u0131 p\u00fcsk\u00fcrtt\u00fc.<\/p>\n<p style=\"text-align: center;\"><strong><a href=\"https:\/\/t.me\/SuriyeArapHaberAjansI\">Telegram Kanal\u0131m\u0131z\u00a0<\/a><span style=\"color: #ff0000;\">||<\/span><a href=\"https:\/\/twitter.com\/arap_ajans\">X Platformumuz<span style=\"color: #ff0000;\">\u00a0<\/span><\/a><span style=\"color: #ff0000;\">||<\/span><a href=\"https:\/\/www.facebook.com\/SANAHaberAjansi\/\">Facebook Sayfam\u0131z<\/a><\/strong><\/p>\n","protected":false},"excerpt":{"rendered":"<p>MOSKOVA (SANA) &#8211; Rus g\u00fc\u00e7leri bir g\u00fcnde Ukrayna rejimine ait 8 balistik f\u00fcze, 4 JDAM g\u00fcd\u00fcml\u00fc hava bombas\u0131 ve 45 insans\u0131z hava arac\u0131n\u0131 d\u00fc\u015f\u00fcrd\u00fc. Rusya Savunma Bakanl\u0131\u011f\u0131, Donbas&#8217;taki \u00f6zel askeri operasyondaki geli\u015fmelere ili\u015fkin g\u00fcnl\u00fck raporunda \u015fu ifadelere yer verdi: \u2022 \u201cRus havac\u0131l\u0131\u011f\u0131, f\u00fcze kuvvetleri ve top\u00e7u sald\u0131r\u0131lar\u0131, Ukrayna askeri-sanayi kompleksinin i\u015fleyi\u015fini destekleyen askeri hava sahalar\u0131n\u0131n &hellip;<\/p>\n","protected":false},"author":39,"featured_media":312101,"comment_status":"closed","ping_status":"closed","sticky":false,"template":"","format":"standard","meta":{"footnotes":""},"categories":[458,589,459,17988],"tags":[42941],"class_list":["post-312100","post","type-post","status-publish","format-standard","has-post-thumbnail","","category-dunya1","category-haber-seridi","category-haberler-arap-uluslararasi-politika","category-son-haberler","tag-rus-kuvvetleri-ukraynaya-ait-8-balistik-fuze-ve-45-ihayi-dusurdu"],"_links":{"self":[{"href":"https:\/\/archive.sana.sy\/tr\/index.php?rest_route=\/wp\/v2\/posts\/312100","targetHints":{"allow":["GET"]}}],"collection":[{"href":"https:\/\/archive.sana.sy\/tr\/index.php?rest_route=\/wp\/v2\/posts"}],"about":[{"href":"https:\/\/archive.sana.sy\/tr\/index.php?rest_route=\/wp\/v2\/types\/post"}],"author":[{"embeddable":true,"href":"https:\/\/archive.sana.sy\/tr\/index.php?rest_route=\/wp\/v2\/users\/39"}],"replies":[{"embeddable":true,"href":"https:\/\/archive.sana.sy\/tr\/index.php?rest_route=%2Fwp%2Fv2%2Fcomments&post=312100"}],"version-history":[{"count":2,"href":"https:\/\/archive.sana.sy\/tr\/index.php?rest_route=\/wp\/v2\/posts\/312100\/revisions"}],"predecessor-version":[{"id":312103,"href":"https:\/\/archive.sana.sy\/tr\/index.php?rest_route=\/wp\/v2\/posts\/312100\/revisions\/312103"}],"wp:featuredmedia":[{"embeddable":true,"href":"https:\/\/archive.sana.sy\/tr\/index.php?rest_route=\/wp\/v2\/media\/312101"}],"wp:attachment":[{"href":"https:\/\/archive.sana.sy\/tr\/index.php?rest_route=%2Fwp%2Fv2%2Fmedia&parent=312100"}],"wp:term":[{"taxonomy":"category","embeddable":true,"href":"https:\/\/archive.sana.sy\/tr\/index.php?rest_route=%2Fwp%2Fv2%2Fcategories&post=312100"},{"taxonomy":"post_tag","embeddable":true,"href":"https:\/\/archive.sana.sy\/tr\/index.php?rest_route=%2Fwp%2Fv2%2Ftags&post=312100"}],"curies":[{"name":"wp","href":"https:\/\/api.w.org\/{rel}","templated":true}]}}