{"id":312104,"date":"2024-11-25T18:49:03","date_gmt":"2024-11-25T15:49:03","guid":{"rendered":"https:\/\/sana.sy\/tr\/?p=312104"},"modified":"2024-11-25T18:49:03","modified_gmt":"2024-11-25T15:49:03","slug":"eski-eserler-ve-muzeler-genel-mudurlugu-sam-ulusal-muzesinde-caglar-boyu-suriye-comlekciligi-baslikli-bir-sergi-duzenledi","status":"publish","type":"post","link":"https:\/\/archive.sana.sy\/tr\/?p=312104","title":{"rendered":"Eski Eserler Ve M\u00fczeler Genel M\u00fcd\u00fcrl\u00fc\u011f\u00fc, \u015eam Ulusal M\u00fczesi&#8217;nde &#8220;\u00c7a\u011flar Boyu Suriye \u00c7\u00f6mlek\u00e7ili\u011fi&#8221; Ba\u015fl\u0131kl\u0131 Bir Sergi D\u00fczenledi"},"content":{"rendered":"<p style=\"text-align: justify;\"><span style=\"color: #800000;\"><strong>\u015eAM (SANA)<\/strong> <\/span>&#8211; Suriye&#8217;nin 10 bin y\u0131l \u00f6nce ortaya \u00e7\u0131kan \u00e7anak \u00e7\u00f6mlek zenginli\u011fi, tarihi ve k\u00fclt\u00fcrel \u00f6nemi g\u00f6z \u00f6n\u00fcne al\u0131narak, Eski Eserler ve M\u00fczeler Genel M\u00fcd\u00fcrl\u00fc\u011f\u00fc, \u015eam&#8217;daki Ulusal M\u00fcze&#8217;nin Levanten Salonu&#8217;nda &#8220;\u00c7a\u011flar Boyu Suriye \u00c7\u00f6mlek\u00e7ili\u011fi&#8221; ba\u015fl\u0131kl\u0131 bir sergi d\u00fczenledi.<\/p>\n<p style=\"text-align: justify;\"><img loading=\"lazy\" decoding=\"async\" class=\"size-medium wp-image-312106 alignright\" src=\"http:\/\/sana.sy\/tr\/wp-content\/uploads\/2024\/11\/ROD_8245-300x200.jpg\" alt=\"\" width=\"300\" height=\"200\" srcset=\"https:\/\/archive.sana.sy\/tr\/wp-content\/uploads\/2024\/11\/ROD_8245-300x200.jpg 300w, https:\/\/archive.sana.sy\/tr\/wp-content\/uploads\/2024\/11\/ROD_8245.jpg 660w\" sizes=\"auto, (max-width: 300px) 100vw, 300px\" \/>Suriye K\u00fclt\u00fcr G\u00fcnleri kapsam\u0131nda d\u00fczenlenen sergide, tarih \u00f6ncesi, antik do\u011fu, klasik d\u00f6nem ve \u0130slami d\u00f6nem olmak \u00fczere d\u00f6rt farkl\u0131 d\u00f6neme ait onlarca \u00e7anak \u00e7\u00f6mlek par\u00e7as\u0131 kutland\u0131.<\/p>\n<p style=\"text-align: justify;\">K\u00fclt\u00fcr Bakan\u0131 Diyala Barakat, SANA&#8217;ya yapt\u0131\u011f\u0131 a\u00e7\u0131klamada, Suriye K\u00fclt\u00fcr G\u00fcnleri kutlamalar\u0131 kapsam\u0131nda \u00e7\u00f6mlek\u00e7ili\u011fin Suriye co\u011frafyas\u0131ndaki \u00f6nemini ve \u00e7a\u011flar i\u00e7indeki geli\u015fim a\u015famalar\u0131n\u0131 tan\u0131tmak amac\u0131yla d\u00fczenlenen bu serginin \u00f6nemine dikkat \u00e7ekti.<\/p>\n<p style=\"text-align: justify;\">Eski Eserler ve M\u00fczeler Genel M\u00fcd\u00fcr\u00fc Nazir Avad, \u00e7a\u011flar boyunca s\u00fcren Suriye \u00e7\u00f6mlek\u00e7ili\u011fi sergisinin, Suriye&#8217;deki \u00e7\u00f6mlek end\u00fcstrisinin zenginli\u011fi ve \u00e7e\u015fitlili\u011fi ile ustalar\u0131n\u0131n \u00f6nemli, ince i\u015flenmi\u015f formlar elde etme konusunda yenilik yapma ve i\u015f\u00e7iliklerini geli\u015ftirme yetenekleri hakk\u0131nda kapsaml\u0131 bir fikir sa\u011flad\u0131\u011f\u0131n\u0131 belirtirken, \u2018\u2019 Suriye&#8217;de \u00e7\u00f6mlek\u00e7ili\u011fin tarihi \u00e7ok eskilere dayan\u0131yor ve Suriyeli adam\u0131n elleriyle kilden \u00e7\u00f6mlek yapmaya ba\u015flamas\u0131yla ba\u015fl\u0131yor. Daha sonra bu zanaat, tekerle\u011fi icat edip bir\u00e7ok \u00e7anak \u00e7\u00f6mlek par\u00e7as\u0131 yapmaya ba\u015flayana kadar geli\u015fti\u2019\u2019 dedi.<\/p>\n<p style=\"text-align: justify;\">\u0130slam M\u00fczesi K\u00fcrat\u00f6r\u00fc \u00a0Nevin Saad El Din ise, \u00a0\u0130slami b\u00f6l\u00fcmde, \u0130slami d\u00f6nemin ba\u015flang\u0131c\u0131ndan basit s\u00fcslemelerle ba\u015flad\u0131\u011f\u0131 Osmanl\u0131 d\u00f6neminin sonuna kadar \u00e7\u00f6mlek yap\u0131m\u0131n\u0131n geli\u015fimini ifade eden, farkl\u0131 d\u00f6nemlere ait 15 par\u00e7a \u00e7\u00f6mlek yer ald\u0131\u011f\u0131na dikkat \u00e7ekti.<\/p>\n<p style=\"text-align: center;\"><strong><a href=\"https:\/\/t.me\/SuriyeArapHaberAjansI\">Telegram Kanal\u0131m\u0131z\u00a0<\/a><span style=\"color: #ff0000;\">||<\/span><a href=\"https:\/\/twitter.com\/arap_ajans\">X Platformumuz\u00a0<\/a><span style=\"color: #ff0000;\">||<\/span><a href=\"https:\/\/www.facebook.com\/SANAHaberAjansi\/\">Facebook Sayfam\u0131z<\/a><\/strong><\/p>\n<p>&nbsp;<\/p>\n<div id='gallery-1' class='gallery galleryid-312104 gallery-columns-3 gallery-size-thumbnail'><figure class='gallery-item'>\n\t\t\t<div class='gallery-icon landscape'>\n\t\t\t\t<a href='https:\/\/archive.sana.sy\/tr\/?attachment_id=312107'><img loading=\"lazy\" decoding=\"async\" width=\"150\" height=\"150\" src=\"https:\/\/archive.sana.sy\/tr\/wp-content\/uploads\/2024\/11\/4-7-150x150.jpg\" class=\"attachment-thumbnail size-thumbnail\" alt=\"\" \/><\/a>\n\t\t\t<\/div><\/figure><figure class='gallery-item'>\n\t\t\t<div class='gallery-icon landscape'>\n\t\t\t\t<a href='https:\/\/archive.sana.sy\/tr\/?attachment_id=312108'><img loading=\"lazy\" decoding=\"async\" width=\"150\" height=\"150\" src=\"https:\/\/archive.sana.sy\/tr\/wp-content\/uploads\/2024\/11\/5-3-150x150.jpg\" class=\"attachment-thumbnail size-thumbnail\" alt=\"\" \/><\/a>\n\t\t\t<\/div><\/figure><figure class='gallery-item'>\n\t\t\t<div class='gallery-icon landscape'>\n\t\t\t\t<a href='https:\/\/archive.sana.sy\/tr\/?attachment_id=312109'><img loading=\"lazy\" decoding=\"async\" width=\"150\" height=\"150\" src=\"https:\/\/archive.sana.sy\/tr\/wp-content\/uploads\/2024\/11\/3-12-150x150.jpg\" class=\"attachment-thumbnail size-thumbnail\" alt=\"\" \/><\/a>\n\t\t\t<\/div><\/figure><figure class='gallery-item'>\n\t\t\t<div class='gallery-icon landscape'>\n\t\t\t\t<a href='https:\/\/archive.sana.sy\/tr\/?attachment_id=312110'><img loading=\"lazy\" decoding=\"async\" width=\"150\" height=\"150\" src=\"https:\/\/archive.sana.sy\/tr\/wp-content\/uploads\/2024\/11\/1-16-150x150.jpg\" class=\"attachment-thumbnail size-thumbnail\" alt=\"\" \/><\/a>\n\t\t\t<\/div><\/figure><figure class='gallery-item'>\n\t\t\t<div class='gallery-icon landscape'>\n\t\t\t\t<a href='https:\/\/archive.sana.sy\/tr\/?attachment_id=312111'><img loading=\"lazy\" decoding=\"async\" width=\"150\" height=\"150\" src=\"https:\/\/archive.sana.sy\/tr\/wp-content\/uploads\/2024\/11\/2-15-150x150.jpg\" class=\"attachment-thumbnail size-thumbnail\" alt=\"\" \/><\/a>\n\t\t\t<\/div><\/figure><figure class='gallery-item'>\n\t\t\t<div class='gallery-icon landscape'>\n\t\t\t\t<a href='https:\/\/archive.sana.sy\/tr\/?attachment_id=312112'><img loading=\"lazy\" decoding=\"async\" width=\"150\" height=\"150\" src=\"https:\/\/archive.sana.sy\/tr\/wp-content\/uploads\/2024\/11\/6-2-150x150.jpg\" class=\"attachment-thumbnail size-thumbnail\" alt=\"\" \/><\/a>\n\t\t\t<\/div><\/figure>\n\t\t<\/div>\n\n<p>&nbsp;<\/p>\n<p>&nbsp;<\/p>\n<p>&nbsp;<\/p>\n","protected":false},"excerpt":{"rendered":"<p>\u015eAM (SANA) &#8211; Suriye&#8217;nin 10 bin y\u0131l \u00f6nce ortaya \u00e7\u0131kan \u00e7anak \u00e7\u00f6mlek zenginli\u011fi, tarihi ve k\u00fclt\u00fcrel \u00f6nemi g\u00f6z \u00f6n\u00fcne al\u0131narak, Eski Eserler ve M\u00fczeler Genel M\u00fcd\u00fcrl\u00fc\u011f\u00fc, \u015eam&#8217;daki Ulusal M\u00fcze&#8217;nin Levanten Salonu&#8217;nda &#8220;\u00c7a\u011flar Boyu Suriye \u00c7\u00f6mlek\u00e7ili\u011fi&#8221; ba\u015fl\u0131kl\u0131 bir sergi d\u00fczenledi. Suriye K\u00fclt\u00fcr G\u00fcnleri kapsam\u0131nda d\u00fczenlenen sergide, tarih \u00f6ncesi, antik do\u011fu, klasik d\u00f6nem ve \u0130slami d\u00f6nem olmak &hellip;<\/p>\n","protected":false},"author":39,"featured_media":312105,"comment_status":"closed","ping_status":"closed","sticky":false,"template":"","format":"standard","meta":{"footnotes":""},"categories":[589,479,516,511,17988,478],"tags":[42942,42943],"class_list":["post-312104","post","type-post","status-publish","format-standard","has-post-thumbnail","","category-haber-seridi","category-haberler-yerel","category-haberler-kultur-ve-sanat","category-kultur-ve-sanat","category-son-haberler","category-yerel","tag-eski-eserler-ve-muzeler-genel-mudurlugu","tag-sam-ulusal-muzesinde-caglar-boyu-suriye-comlekciligi-baslikli-bir-sergi-duzenledi"],"_links":{"self":[{"href":"https:\/\/archive.sana.sy\/tr\/index.php?rest_route=\/wp\/v2\/posts\/312104","targetHints":{"allow":["GET"]}}],"collection":[{"href":"https:\/\/archive.sana.sy\/tr\/index.php?rest_route=\/wp\/v2\/posts"}],"about":[{"href":"https:\/\/archive.sana.sy\/tr\/index.php?rest_route=\/wp\/v2\/types\/post"}],"author":[{"embeddable":true,"href":"https:\/\/archive.sana.sy\/tr\/index.php?rest_route=\/wp\/v2\/users\/39"}],"replies":[{"embeddable":true,"href":"https:\/\/archive.sana.sy\/tr\/index.php?rest_route=%2Fwp%2Fv2%2Fcomments&post=312104"}],"version-history":[{"count":1,"href":"https:\/\/archive.sana.sy\/tr\/index.php?rest_route=\/wp\/v2\/posts\/312104\/revisions"}],"predecessor-version":[{"id":312113,"href":"https:\/\/archive.sana.sy\/tr\/index.php?rest_route=\/wp\/v2\/posts\/312104\/revisions\/312113"}],"wp:featuredmedia":[{"embeddable":true,"href":"https:\/\/archive.sana.sy\/tr\/index.php?rest_route=\/wp\/v2\/media\/312105"}],"wp:attachment":[{"href":"https:\/\/archive.sana.sy\/tr\/index.php?rest_route=%2Fwp%2Fv2%2Fmedia&parent=312104"}],"wp:term":[{"taxonomy":"category","embeddable":true,"href":"https:\/\/archive.sana.sy\/tr\/index.php?rest_route=%2Fwp%2Fv2%2Fcategories&post=312104"},{"taxonomy":"post_tag","embeddable":true,"href":"https:\/\/archive.sana.sy\/tr\/index.php?rest_route=%2Fwp%2Fv2%2Ftags&post=312104"}],"curies":[{"name":"wp","href":"https:\/\/api.w.org\/{rel}","templated":true}]}}