{"id":31211,"date":"2015-04-28T12:57:14","date_gmt":"2015-04-28T09:57:14","guid":{"rendered":"http:\/\/www.sana.sy\/tr\/?p=31211"},"modified":"2015-04-28T12:57:14","modified_gmt":"2015-04-28T09:57:14","slug":"lucat-bolgesi-burak-koyunde-kurulan-pusuda-teroristler-olduruldu-silahlari-ele-gecirildi","status":"publish","type":"post","link":"https:\/\/archive.sana.sy\/tr\/?p=31211","title":{"rendered":"Lucat B\u00f6lgesi Burak K\u00f6y\u00fcnde Kurulan Pusuda Ter\u00f6ristler \u00d6ld\u00fcr\u00fcld\u00fc Silahlar\u0131 Ele Ge\u00e7irildi"},"content":{"rendered":"<p>DERA \u2013 Ordu ve silahl\u0131 kuvvetlerimize tabi bir ordu birli\u011fimiz Dera ve Suveyda il s\u0131n\u0131rlar\u0131 aras\u0131ndaki Burak K\u00f6y\u00fcnde bu sabah d\u00fczenledikleri ba\u015far\u0131l\u0131 pusu sonucunda ter\u00f6r grubunun yakla\u015f\u0131k t\u00fcm elemanlar\u0131n\u0131 \u00f6l\u00fc d\u00fc\u015f\u00fcrd\u00fc.<\/p>\n<p>Askeri kaynak SANA\u2019ya a\u00e7\u0131klamas\u0131nda, ordu birliklerimizin Suveyda k\u0131rsal\u0131 Burak\u2019\u0131n yakla\u015f\u0131k 2 km kuzeydo\u011fusundaki el \u015eami \u00c7iftli\u011finde kurdu\u011fu ba\u015far\u0131l\u0131 pusu sonucunda bir ter\u00f6r grubunun yakla\u015f\u0131k t\u00fcm elemanlar\u0131n\u0131 \u00f6ld\u00fcrerek geriye kalanlar\u0131 yakalad\u0131klar\u0131n\u0131 belirtti.<\/p>\n<p>Kaynak, pusuyu d\u00fczenleyen birli\u011fin ter\u00f6ristlerin ellerinde bulunan, RPG roketatar, otomatik ve PKC a\u011f\u0131r taramal\u0131 silah ile muhtelif t\u00fcr cephanenin bulundu\u011fu silah ve cephaneyi de ele ge\u00e7irdiklerine dikkat \u00e7ekti.<\/p>\n<p>S.\u015e<\/p>\n","protected":false},"excerpt":{"rendered":"<p>DERA \u2013 Ordu ve silahl\u0131 kuvvetlerimize tabi bir ordu birli\u011fimiz Dera ve Suveyda il s\u0131n\u0131rlar\u0131 aras\u0131ndaki Burak K\u00f6y\u00fcnde bu sabah d\u00fczenledikleri ba\u015far\u0131l\u0131 pusu sonucunda ter\u00f6r grubunun yakla\u015f\u0131k t\u00fcm elemanlar\u0131n\u0131 \u00f6l\u00fc d\u00fc\u015f\u00fcrd\u00fc. Askeri kaynak SANA\u2019ya a\u00e7\u0131klamas\u0131nda, ordu birliklerimizin Suveyda k\u0131rsal\u0131 Burak\u2019\u0131n yakla\u015f\u0131k 2 km kuzeydo\u011fusundaki el \u015eami \u00c7iftli\u011finde kurdu\u011fu ba\u015far\u0131l\u0131 pusu sonucunda bir ter\u00f6r grubunun yakla\u015f\u0131k &hellip;<\/p>\n","protected":false},"author":1,"featured_media":31017,"comment_status":"closed","ping_status":"closed","sticky":false,"template":"","format":"standard","meta":{"footnotes":""},"categories":[479,575,478],"tags":[14138],"class_list":["post-31211","post","type-post","status-publish","format-standard","has-post-thumbnail","","category-haberler-yerel","category-olaylar-ve-gercekler","category-yerel","tag-lucat-bolgesi-burak-koyunde-kurulan-pusuda-teroristler-olduruldu-silahlari-ele-gecirildi"],"_links":{"self":[{"href":"https:\/\/archive.sana.sy\/tr\/index.php?rest_route=\/wp\/v2\/posts\/31211","targetHints":{"allow":["GET"]}}],"collection":[{"href":"https:\/\/archive.sana.sy\/tr\/index.php?rest_route=\/wp\/v2\/posts"}],"about":[{"href":"https:\/\/archive.sana.sy\/tr\/index.php?rest_route=\/wp\/v2\/types\/post"}],"author":[{"embeddable":true,"href":"https:\/\/archive.sana.sy\/tr\/index.php?rest_route=\/wp\/v2\/users\/1"}],"replies":[{"embeddable":true,"href":"https:\/\/archive.sana.sy\/tr\/index.php?rest_route=%2Fwp%2Fv2%2Fcomments&post=31211"}],"version-history":[{"count":0,"href":"https:\/\/archive.sana.sy\/tr\/index.php?rest_route=\/wp\/v2\/posts\/31211\/revisions"}],"wp:featuredmedia":[{"embeddable":true,"href":"https:\/\/archive.sana.sy\/tr\/index.php?rest_route=\/wp\/v2\/media\/31017"}],"wp:attachment":[{"href":"https:\/\/archive.sana.sy\/tr\/index.php?rest_route=%2Fwp%2Fv2%2Fmedia&parent=31211"}],"wp:term":[{"taxonomy":"category","embeddable":true,"href":"https:\/\/archive.sana.sy\/tr\/index.php?rest_route=%2Fwp%2Fv2%2Fcategories&post=31211"},{"taxonomy":"post_tag","embeddable":true,"href":"https:\/\/archive.sana.sy\/tr\/index.php?rest_route=%2Fwp%2Fv2%2Ftags&post=31211"}],"curies":[{"name":"wp","href":"https:\/\/api.w.org\/{rel}","templated":true}]}}