{"id":312123,"date":"2024-11-26T11:15:10","date_gmt":"2024-11-26T08:15:10","guid":{"rendered":"https:\/\/sana.sy\/tr\/?p=312123"},"modified":"2024-11-27T15:11:27","modified_gmt":"2024-11-27T12:11:27","slug":"israilin-homs-kirsalindaki-kusayr-bolgesini-hedef-alan-saldirganligi-sonucu-2-sivil-yaralandi","status":"publish","type":"post","link":"https:\/\/archive.sana.sy\/tr\/?p=312123","title":{"rendered":"\u0130srail&#8217;in Homs K\u0131rsal\u0131ndaki Kusayr B\u00f6lgesini Hedef Alan Sald\u0131rganl\u0131\u011f\u0131 Sonucu 2 Sivil Yaraland\u0131"},"content":{"rendered":"<p style=\"text-align: justify;\"><span style=\"color: #800000;\"><strong>HOMS (SANA<\/strong>)<\/span> \u2013 \u0130srail&#8217;in Homs&#8217;un g\u00fcneybat\u0131 k\u0131rsal\u0131nda L\u00fcbnan s\u0131n\u0131r\u0131na yak\u0131n Kusayr b\u00f6lgesini hedef alan sald\u0131rganl\u0131\u011f\u0131 sonucu 2 sivil yaraland\u0131.<\/p>\n<p style=\"text-align: justify;\">Askeri bir kaynak, SANA&#8217;ya yapt\u0131\u011f\u0131 a\u00e7\u0131klamada, D\u00fc\u015fman \u0130srail&#8217;in L\u00fcbnan topraklar\u0131 y\u00f6n\u00fcnden hava sald\u0131rganl\u0131\u011f\u0131 d\u00fczenledi\u011fini, Homs k\u0131rsal\u0131ndaki Kusayr b\u00f6lgesindeki Suriye-L\u00fcbnan s\u0131n\u0131r\u0131ndaki ge\u00e7i\u015f noktalar\u0131n\u0131 hedef ald\u0131\u011f\u0131n\u0131 belirtti.<\/p>\n<p style=\"text-align: justify;\">Kaynak ayr\u0131ca, Sald\u0131rganl\u0131\u011f\u0131n iki sivilin yaralanmas\u0131na ve maddi kay\u0131plara yol a\u00e7t\u0131\u011f\u0131n\u0131 ifadelerine ekledi.<\/p>\n<p style=\"text-align: center;\"><strong><a href=\"https:\/\/t.me\/SuriyeArapHaberAjansI\">Telegram Kanal\u0131m\u0131z\u00a0<\/a><span style=\"color: #ff0000;\">||<\/span><a href=\"https:\/\/twitter.com\/arap_ajans\">X Platformumuz\u00a0<\/a><span style=\"color: #ff0000;\">||<\/span><a href=\"https:\/\/www.facebook.com\/SANAHaberAjansi\/\">Facebook Sayfam\u0131z<\/a><\/strong><\/p>\n","protected":false},"excerpt":{"rendered":"<p>HOMS (SANA) \u2013 \u0130srail&#8217;in Homs&#8217;un g\u00fcneybat\u0131 k\u0131rsal\u0131nda L\u00fcbnan s\u0131n\u0131r\u0131na yak\u0131n Kusayr b\u00f6lgesini hedef alan sald\u0131rganl\u0131\u011f\u0131 sonucu 2 sivil yaraland\u0131. Askeri bir kaynak, SANA&#8217;ya yapt\u0131\u011f\u0131 a\u00e7\u0131klamada, D\u00fc\u015fman \u0130srail&#8217;in L\u00fcbnan topraklar\u0131 y\u00f6n\u00fcnden hava sald\u0131rganl\u0131\u011f\u0131 d\u00fczenledi\u011fini, Homs k\u0131rsal\u0131ndaki Kusayr b\u00f6lgesindeki Suriye-L\u00fcbnan s\u0131n\u0131r\u0131ndaki ge\u00e7i\u015f noktalar\u0131n\u0131 hedef ald\u0131\u011f\u0131n\u0131 belirtti. Kaynak ayr\u0131ca, Sald\u0131rganl\u0131\u011f\u0131n iki sivilin yaralanmas\u0131na ve maddi kay\u0131plara yol a\u00e7t\u0131\u011f\u0131n\u0131 &hellip;<\/p>\n","protected":false},"author":39,"featured_media":312126,"comment_status":"closed","ping_status":"closed","sticky":false,"template":"","format":"standard","meta":{"footnotes":""},"categories":[589,479,575,17988,478],"tags":[],"class_list":["post-312123","post","type-post","status-publish","format-standard","has-post-thumbnail","","category-haber-seridi","category-haberler-yerel","category-olaylar-ve-gercekler","category-son-haberler","category-yerel"],"_links":{"self":[{"href":"https:\/\/archive.sana.sy\/tr\/index.php?rest_route=\/wp\/v2\/posts\/312123","targetHints":{"allow":["GET"]}}],"collection":[{"href":"https:\/\/archive.sana.sy\/tr\/index.php?rest_route=\/wp\/v2\/posts"}],"about":[{"href":"https:\/\/archive.sana.sy\/tr\/index.php?rest_route=\/wp\/v2\/types\/post"}],"author":[{"embeddable":true,"href":"https:\/\/archive.sana.sy\/tr\/index.php?rest_route=\/wp\/v2\/users\/39"}],"replies":[{"embeddable":true,"href":"https:\/\/archive.sana.sy\/tr\/index.php?rest_route=%2Fwp%2Fv2%2Fcomments&post=312123"}],"version-history":[{"count":2,"href":"https:\/\/archive.sana.sy\/tr\/index.php?rest_route=\/wp\/v2\/posts\/312123\/revisions"}],"predecessor-version":[{"id":312166,"href":"https:\/\/archive.sana.sy\/tr\/index.php?rest_route=\/wp\/v2\/posts\/312123\/revisions\/312166"}],"wp:featuredmedia":[{"embeddable":true,"href":"https:\/\/archive.sana.sy\/tr\/index.php?rest_route=\/wp\/v2\/media\/312126"}],"wp:attachment":[{"href":"https:\/\/archive.sana.sy\/tr\/index.php?rest_route=%2Fwp%2Fv2%2Fmedia&parent=312123"}],"wp:term":[{"taxonomy":"category","embeddable":true,"href":"https:\/\/archive.sana.sy\/tr\/index.php?rest_route=%2Fwp%2Fv2%2Fcategories&post=312123"},{"taxonomy":"post_tag","embeddable":true,"href":"https:\/\/archive.sana.sy\/tr\/index.php?rest_route=%2Fwp%2Fv2%2Ftags&post=312123"}],"curies":[{"name":"wp","href":"https:\/\/api.w.org\/{rel}","templated":true}]}}