{"id":31213,"date":"2015-04-28T13:08:04","date_gmt":"2015-04-28T10:08:04","guid":{"rendered":"http:\/\/www.sana.sy\/tr\/?p=31213"},"modified":"2015-04-28T17:01:53","modified_gmt":"2015-04-28T14:01:53","slug":"suriye-ordusu-evrensel-savasa-karsi-savasiyor","status":"publish","type":"post","link":"https:\/\/archive.sana.sy\/tr\/?p=31213","title":{"rendered":"Suriye Ordusu Evrensel Ter\u00f6re Kar\u015f\u0131 Sava\u015f\u0131yor"},"content":{"rendered":"<p>BUDAPEST \u2013 Macaristan\u2019da Suriye \u0130\u00e7in Forumu; d\u00fcnyan\u0131n bir\u00e7ok devletinin her t\u00fcrl\u00fc deste\u011fi temin ettikleri \u00e7okuluslu ter\u00f6ristlere kar\u015f\u0131 Suriye&#8217;nin devlet, ordu ve halk olarak zafer kazanaca\u011f\u0131na mutlak inanc\u0131n\u0131 ifade etti.<\/p>\n<p>SANA\u2019n\u0131n bug\u00fcn bir n\u00fcshas\u0131n\u0131 ald\u0131\u011f\u0131 beyan\u0131nda Forum; g\u00fcn\u00fcm\u00fczde Suriye ordusunun kovboylardan yol kesicilere, \u00e7\u00f6l veletlerinden Osmanl\u0131lar\u0131n ihvanc\u0131lar\u0131na, Siyonist Haganah ve Irgun \u00e7etelerinden Stern \u00e7etelerine kadar evrensel ter\u00f6r \u00e7etelere kar\u015f\u0131 sava\u015ft\u0131\u011f\u0131na dikkat \u00e7ekti.<\/p>\n<p>Suriye ordusunun tarih boyunca ideolojisi, duyarl\u0131l\u0131\u011f\u0131 ve yurtseverli\u011fi ile \u015fanl\u0131 oldu\u011funa vurgu yapan forum; vatan\u0131n her kar\u0131\u015f topra\u011f\u0131n\u0131 ter\u00f6ristlerden temizleme, halk\u0131n g\u00fcvenli\u011fini sa\u011flama ve ba\u011f\u0131ms\u0131zl\u0131\u011f\u0131 korumada er yada ge\u00e7 \u015fanl\u0131 bir zafer elde etmesinin ka\u00e7\u0131n\u0131lmaz oldu\u011funu ifade etti.<\/p>\n<p>Bat\u0131l\u0131n hi\u00e7bir zaman hakk\u0131 yenemeyece\u011fini ifade eden Forum, hak sava\u015f\u0131nda \u00f6zveri ve kahramanl\u0131kla sava\u015fan vatan koruyucular\u0131m\u0131z\u0131 selamlad\u0131.<\/p>\n<p>A.A.<\/p>\n","protected":false},"excerpt":{"rendered":"<p>BUDAPEST \u2013 Macaristan\u2019da Suriye \u0130\u00e7in Forumu; d\u00fcnyan\u0131n bir\u00e7ok devletinin her t\u00fcrl\u00fc deste\u011fi temin ettikleri \u00e7okuluslu ter\u00f6ristlere kar\u015f\u0131 Suriye&#8217;nin devlet, ordu ve halk olarak zafer kazanaca\u011f\u0131na mutlak inanc\u0131n\u0131 ifade etti. SANA\u2019n\u0131n bug\u00fcn bir n\u00fcshas\u0131n\u0131 ald\u0131\u011f\u0131 beyan\u0131nda Forum; g\u00fcn\u00fcm\u00fczde Suriye ordusunun kovboylardan yol kesicilere, \u00e7\u00f6l veletlerinden Osmanl\u0131lar\u0131n ihvanc\u0131lar\u0131na, Siyonist Haganah ve Irgun \u00e7etelerinden Stern \u00e7etelerine kadar evrensel &hellip;<\/p>\n","protected":false},"author":1,"featured_media":31214,"comment_status":"closed","ping_status":"closed","sticky":false,"template":"","format":"standard","meta":{"footnotes":""},"categories":[458,459,447,2554,2555],"tags":[14139,14140],"class_list":["post-31213","post","type-post","status-publish","format-standard","has-post-thumbnail","","category-dunya1","category-haberler-arap-uluslararasi-politika","category-politika","category-suriye-ve-dunya","category-suriye-ve-turkiye","tag-budapest-macaristanda-suriye-icin-forumu-dunyanin-bircok-devletinin-her-turlu-destegi-temin-ettikleri-cokuluslu-teroristlere-karsi-suriyenin-devlet","tag-ordu-ve-halk-olarak-zafer-kazanacagina-mutlak-inancini-ifade-etti"],"_links":{"self":[{"href":"https:\/\/archive.sana.sy\/tr\/index.php?rest_route=\/wp\/v2\/posts\/31213","targetHints":{"allow":["GET"]}}],"collection":[{"href":"https:\/\/archive.sana.sy\/tr\/index.php?rest_route=\/wp\/v2\/posts"}],"about":[{"href":"https:\/\/archive.sana.sy\/tr\/index.php?rest_route=\/wp\/v2\/types\/post"}],"author":[{"embeddable":true,"href":"https:\/\/archive.sana.sy\/tr\/index.php?rest_route=\/wp\/v2\/users\/1"}],"replies":[{"embeddable":true,"href":"https:\/\/archive.sana.sy\/tr\/index.php?rest_route=%2Fwp%2Fv2%2Fcomments&post=31213"}],"version-history":[{"count":0,"href":"https:\/\/archive.sana.sy\/tr\/index.php?rest_route=\/wp\/v2\/posts\/31213\/revisions"}],"wp:featuredmedia":[{"embeddable":true,"href":"https:\/\/archive.sana.sy\/tr\/index.php?rest_route=\/wp\/v2\/media\/31214"}],"wp:attachment":[{"href":"https:\/\/archive.sana.sy\/tr\/index.php?rest_route=%2Fwp%2Fv2%2Fmedia&parent=31213"}],"wp:term":[{"taxonomy":"category","embeddable":true,"href":"https:\/\/archive.sana.sy\/tr\/index.php?rest_route=%2Fwp%2Fv2%2Fcategories&post=31213"},{"taxonomy":"post_tag","embeddable":true,"href":"https:\/\/archive.sana.sy\/tr\/index.php?rest_route=%2Fwp%2Fv2%2Ftags&post=31213"}],"curies":[{"name":"wp","href":"https:\/\/api.w.org\/{rel}","templated":true}]}}