{"id":312137,"date":"2024-11-26T12:29:51","date_gmt":"2024-11-26T09:29:51","guid":{"rendered":"https:\/\/sana.sy\/tr\/?p=312137"},"modified":"2024-11-26T17:05:44","modified_gmt":"2024-11-26T14:05:44","slug":"israil-isgal-gucleri-9-filistinliyi-tutukladi-ve-bati-seriadaki-bir-tesisi-yikti","status":"publish","type":"post","link":"https:\/\/archive.sana.sy\/tr\/?p=312137","title":{"rendered":"\u0130srail \u0130\u015fgal G\u00fc\u00e7leri Bat\u0131 \u015eeria&#8217;da 9 Filistinliyi Tutuklad\u0131 Ve Bir Tesisi Y\u0131kt\u0131"},"content":{"rendered":"<p style=\"text-align: justify;\"><span style=\"color: #800000;\"><strong>\u0130\u015eGAL ED\u0130LEN KUD\u00dcS (SANA)<\/strong><\/span> \u2013 \u0130srail i\u015fgal g\u00fc\u00e7leri bug\u00fcn 9 Filistinliyi tutuklad\u0131 ve Bat\u0131 \u015eeria&#8217;daki bir tesisi y\u0131kt\u0131.<\/p>\n<p style=\"text-align: justify;\">WAFA Haber Ajans\u0131, i\u015fgal g\u00fc\u00e7lerinin Ramallah&#8217;\u0131n kuzeyindeki Birzit kasabas\u0131ndaki bir \u00fcniversiteye sald\u0131r\u0131 d\u00fczenledi\u011fini ve kamp\u00fcs\u00fcn i\u00e7inden d\u00f6rt \u00f6\u011frenciyi tutuklad\u0131\u011f\u0131n\u0131 belirtirken, Beyt\u00fcllah\u0131m&#8217;daki Zaatara, Tekua, Avarta ve Nablus&#8217;taki Balata m\u00fclteci kamp\u0131na bask\u0131n d\u00fczenledi\u011fine ve 5 Filistinliyi tutuklad\u0131\u011f\u0131na i\u015faret etti.<\/p>\n<p style=\"text-align: justify;\">\u0130\u015fgal g\u00fc\u00e7leri Kalkilya&#8217;n\u0131n g\u00fcney b\u00f6lgesinde \u00e7ok say\u0131da buldozere bask\u0131n d\u00fczenleyerek bir ticari tesisi y\u0131kt\u0131.<\/p>\n<p style=\"text-align: center;\"><strong><a href=\"https:\/\/t.me\/SuriyeArapHaberAjansI\">Telegram Kanal\u0131m\u0131z\u00a0<\/a><span style=\"color: #ff0000;\">||<\/span><a href=\"https:\/\/twitter.com\/arap_ajans\">X Platformumuz\u00a0<\/a><span style=\"color: #ff0000;\">||<\/span><a href=\"https:\/\/www.facebook.com\/SANAHaberAjansi\/\">Facebook Sayfam\u0131z<\/a><\/strong><\/p>\n","protected":false},"excerpt":{"rendered":"<p>\u0130\u015eGAL ED\u0130LEN KUD\u00dcS (SANA) \u2013 \u0130srail i\u015fgal g\u00fc\u00e7leri bug\u00fcn 9 Filistinliyi tutuklad\u0131 ve Bat\u0131 \u015eeria&#8217;daki bir tesisi y\u0131kt\u0131. WAFA Haber Ajans\u0131, i\u015fgal g\u00fc\u00e7lerinin Ramallah&#8217;\u0131n kuzeyindeki Birzit kasabas\u0131ndaki bir \u00fcniversiteye sald\u0131r\u0131 d\u00fczenledi\u011fini ve kamp\u00fcs\u00fcn i\u00e7inden d\u00f6rt \u00f6\u011frenciyi tutuklad\u0131\u011f\u0131n\u0131 belirtirken, Beyt\u00fcllah\u0131m&#8217;daki Zaatara, Tekua, Avarta ve Nablus&#8217;taki Balata m\u00fclteci kamp\u0131na bask\u0131n d\u00fczenledi\u011fine ve 5 Filistinliyi tutuklad\u0131\u011f\u0131na i\u015faret etti. &hellip;<\/p>\n","protected":false},"author":39,"featured_media":312139,"comment_status":"closed","ping_status":"closed","sticky":false,"template":"","format":"standard","meta":{"footnotes":""},"categories":[458,589,459,17988],"tags":[],"class_list":["post-312137","post","type-post","status-publish","format-standard","has-post-thumbnail","","category-dunya1","category-haber-seridi","category-haberler-arap-uluslararasi-politika","category-son-haberler"],"_links":{"self":[{"href":"https:\/\/archive.sana.sy\/tr\/index.php?rest_route=\/wp\/v2\/posts\/312137","targetHints":{"allow":["GET"]}}],"collection":[{"href":"https:\/\/archive.sana.sy\/tr\/index.php?rest_route=\/wp\/v2\/posts"}],"about":[{"href":"https:\/\/archive.sana.sy\/tr\/index.php?rest_route=\/wp\/v2\/types\/post"}],"author":[{"embeddable":true,"href":"https:\/\/archive.sana.sy\/tr\/index.php?rest_route=\/wp\/v2\/users\/39"}],"replies":[{"embeddable":true,"href":"https:\/\/archive.sana.sy\/tr\/index.php?rest_route=%2Fwp%2Fv2%2Fcomments&post=312137"}],"version-history":[{"count":5,"href":"https:\/\/archive.sana.sy\/tr\/index.php?rest_route=\/wp\/v2\/posts\/312137\/revisions"}],"predecessor-version":[{"id":312170,"href":"https:\/\/archive.sana.sy\/tr\/index.php?rest_route=\/wp\/v2\/posts\/312137\/revisions\/312170"}],"wp:featuredmedia":[{"embeddable":true,"href":"https:\/\/archive.sana.sy\/tr\/index.php?rest_route=\/wp\/v2\/media\/312139"}],"wp:attachment":[{"href":"https:\/\/archive.sana.sy\/tr\/index.php?rest_route=%2Fwp%2Fv2%2Fmedia&parent=312137"}],"wp:term":[{"taxonomy":"category","embeddable":true,"href":"https:\/\/archive.sana.sy\/tr\/index.php?rest_route=%2Fwp%2Fv2%2Fcategories&post=312137"},{"taxonomy":"post_tag","embeddable":true,"href":"https:\/\/archive.sana.sy\/tr\/index.php?rest_route=%2Fwp%2Fv2%2Ftags&post=312137"}],"curies":[{"name":"wp","href":"https:\/\/api.w.org\/{rel}","templated":true}]}}