{"id":312138,"date":"2024-11-26T12:35:30","date_gmt":"2024-11-26T09:35:30","guid":{"rendered":"https:\/\/sana.sy\/tr\/?p=312138"},"modified":"2024-11-26T16:55:15","modified_gmt":"2024-11-26T13:55:15","slug":"rus-ordusu-kiev-guclerinin-mevzilerine-ve-yabanci-parali-askerlerin-konuslanma-noktalarina-saldirilar-duzenliyor","status":"publish","type":"post","link":"https:\/\/archive.sana.sy\/tr\/?p=312138","title":{"rendered":"Rus Ordusu, Kiev G\u00fc\u00e7lerinin Mevzilerine Ve Yabanc\u0131 Paral\u0131 Askerlerin Konu\u015flanma Noktalar\u0131na Sald\u0131r\u0131lar D\u00fczenledi"},"content":{"rendered":"<p style=\"text-align: justify;\"><span style=\"color: #800000;\"><strong>MOSKOVA <\/strong><strong>(SANA)<\/strong> <\/span>&#8211; \u00a0Nikolaev B\u00f6lgesindeki gizli eylem gruplar\u0131n\u0131n koordinat\u00f6r\u00fc Sergey Lebedev, Rus ordusunun Ukrayna kuvvetlerine ait siteler ve yabanc\u0131 paral\u0131 askerlerin konu\u015flanma noktalar\u0131na \u00e7ok say\u0131da sald\u0131r\u0131 d\u00fczenledi\u011fini duyurdu.<\/p>\n<p style=\"text-align: justify;\">Lebedev, Sputnik&#8217;e yapt\u0131\u011f\u0131 a\u00e7\u0131klamada \u015funlar\u0131 s\u00f6yledi: \u201cZhytomyr Eyaletinde, Latin Amerika&#8217;dan gelen paral\u0131 askerler de dahil olmak \u00fczere Ukraynal\u0131 askerlerin ge\u00e7ici konu\u015flanma noktalar\u0131na ba\u015far\u0131l\u0131 sald\u0131r\u0131lar d\u00fczenlendi. \u00a0Kiev ve banliy\u00f6lerinde, Kiev g\u00fc\u00e7lerinin ge\u00e7ici konu\u015flanma noktalar\u0131na, drone \u00fcretim tesislerine ve tamir at\u00f6lyelerine grev d\u00fczenlendi.&#8221;<\/p>\n<p style=\"text-align: justify;\">Lebedev ayr\u0131ca, &#8221;Enerji yap\u0131s\u0131 ve lojistik merkezleri hedef al\u0131n\u0131rken, sald\u0131r\u0131lar ayn\u0131 zamanda Ukrayna Silahl\u0131 Kuvvetleri personeli ve te\u00e7hizat\u0131n\u0131 da hedef ald\u0131&#8221; ifadelerini kulland\u0131.<\/p>\n<p style=\"text-align: justify;\">Koordinat\u00f6r, d\u00fcn Ukrayna&#8217;n\u0131n Khmelnytsky B\u00f6lgesi&#8217;ndeki Starokonstantinov&#8217;da bir havaalan\u0131 ve depoya sald\u0131r\u0131 d\u00fczenlendi\u011fini kayderken de, &#8221;Ternopil B\u00f6lgesi&#8217;nde Ukrayna kuvvetlerine ait askeri te\u00e7hizat\u0131n depoland\u0131\u011f\u0131 bir alan da hedef al\u0131nd\u0131&#8221; ifadelerini kulland\u0131.<\/p>\n<p style=\"text-align: center;\"><strong><a href=\"https:\/\/t.me\/SuriyeArapHaberAjansI\">Telegram Kanal\u0131m\u0131z<\/a><span style=\"color: #ff0000;\">\u00a0<\/span><span style=\"color: #ff0000;\">||<\/span><a href=\"https:\/\/twitter.com\/arap_ajans\">X Platformumuz\u00a0<\/a><span style=\"color: #ff0000;\">||<\/span><a href=\"https:\/\/www.facebook.com\/SANAHaberAjansi\/\">Facebook Sayfam\u0131z<\/a><\/strong><\/p>\n","protected":false},"excerpt":{"rendered":"<p>MOSKOVA (SANA) &#8211; \u00a0Nikolaev B\u00f6lgesindeki gizli eylem gruplar\u0131n\u0131n koordinat\u00f6r\u00fc Sergey Lebedev, Rus ordusunun Ukrayna kuvvetlerine ait siteler ve yabanc\u0131 paral\u0131 askerlerin konu\u015flanma noktalar\u0131na \u00e7ok say\u0131da sald\u0131r\u0131 d\u00fczenledi\u011fini duyurdu. Lebedev, Sputnik&#8217;e yapt\u0131\u011f\u0131 a\u00e7\u0131klamada \u015funlar\u0131 s\u00f6yledi: \u201cZhytomyr Eyaletinde, Latin Amerika&#8217;dan gelen paral\u0131 askerler de dahil olmak \u00fczere Ukraynal\u0131 askerlerin ge\u00e7ici konu\u015flanma noktalar\u0131na ba\u015far\u0131l\u0131 sald\u0131r\u0131lar d\u00fczenlendi. \u00a0Kiev ve &hellip;<\/p>\n","protected":false},"author":39,"featured_media":312140,"comment_status":"closed","ping_status":"closed","sticky":false,"template":"","format":"standard","meta":{"footnotes":""},"categories":[458,589,459,17988],"tags":[],"class_list":["post-312138","post","type-post","status-publish","format-standard","has-post-thumbnail","","category-dunya1","category-haber-seridi","category-haberler-arap-uluslararasi-politika","category-son-haberler"],"_links":{"self":[{"href":"https:\/\/archive.sana.sy\/tr\/index.php?rest_route=\/wp\/v2\/posts\/312138","targetHints":{"allow":["GET"]}}],"collection":[{"href":"https:\/\/archive.sana.sy\/tr\/index.php?rest_route=\/wp\/v2\/posts"}],"about":[{"href":"https:\/\/archive.sana.sy\/tr\/index.php?rest_route=\/wp\/v2\/types\/post"}],"author":[{"embeddable":true,"href":"https:\/\/archive.sana.sy\/tr\/index.php?rest_route=\/wp\/v2\/users\/39"}],"replies":[{"embeddable":true,"href":"https:\/\/archive.sana.sy\/tr\/index.php?rest_route=%2Fwp%2Fv2%2Fcomments&post=312138"}],"version-history":[{"count":3,"href":"https:\/\/archive.sana.sy\/tr\/index.php?rest_route=\/wp\/v2\/posts\/312138\/revisions"}],"predecessor-version":[{"id":312168,"href":"https:\/\/archive.sana.sy\/tr\/index.php?rest_route=\/wp\/v2\/posts\/312138\/revisions\/312168"}],"wp:featuredmedia":[{"embeddable":true,"href":"https:\/\/archive.sana.sy\/tr\/index.php?rest_route=\/wp\/v2\/media\/312140"}],"wp:attachment":[{"href":"https:\/\/archive.sana.sy\/tr\/index.php?rest_route=%2Fwp%2Fv2%2Fmedia&parent=312138"}],"wp:term":[{"taxonomy":"category","embeddable":true,"href":"https:\/\/archive.sana.sy\/tr\/index.php?rest_route=%2Fwp%2Fv2%2Fcategories&post=312138"},{"taxonomy":"post_tag","embeddable":true,"href":"https:\/\/archive.sana.sy\/tr\/index.php?rest_route=%2Fwp%2Fv2%2Ftags&post=312138"}],"curies":[{"name":"wp","href":"https:\/\/api.w.org\/{rel}","templated":true}]}}