{"id":312146,"date":"2024-11-26T06:17:45","date_gmt":"2024-11-26T03:17:45","guid":{"rendered":"https:\/\/sana.sy\/tr\/?p=312146"},"modified":"2024-11-26T15:53:56","modified_gmt":"2024-11-26T12:53:56","slug":"israilin-gazze-seridini-isgalci-bombardimani-sonucu-13-sehit-ve-onlarca-yarali","status":"publish","type":"post","link":"https:\/\/archive.sana.sy\/tr\/?p=312146","title":{"rendered":"\u0130\u015fgalci \u0130srail&#8217;in Gazze \u015eeridi&#8217;ni Bombard\u0131man\u0131 Sonucu 13 \u015eehit Ve Onlarca Yaral\u0131"},"content":{"rendered":"<p style=\"text-align: justify;\"><span style=\"color: #800000;\"><strong>\u0130\u015eGAL ED\u0130LEN KUD\u00dcS (SANA)<\/strong> <\/span>&#8211; i\u015fgalci \u0130srail&#8217;in Gazze \u015eeridi&#8217;ndeki baz\u0131 b\u00f6lgeleri bombard\u0131man\u0131 sonucu bug\u00fcn 13 Filistinli \u015fehit d\u00fc\u015ft\u00fc, onlarca ki\u015fi de yaraland\u0131.<\/p>\n<p style=\"text-align: justify;\">WAFA Haber Ajans\u0131, i\u015fgal g\u00fc\u00e7lerinin Gazze \u015fehrinin g\u00fcneyindeki El Zaytun mahallesindeki Filistinlilerin topland\u0131\u011f\u0131 bir alan\u0131, El \u015eati kamp\u0131n\u0131, \u015fehrin do\u011fusundaki El T\u00fcffah mahallesindeki evleri, \u015eeridi&#8217;nin kuzeyindeki Cebeliye&#8217;deki evleri ve merkezindeki El Bureij kamp\u0131n\u0131 bombalad\u0131\u011f\u0131n\u0131, bunun sonucunden 13 Filistinlinin \u015fehit d\u00fc\u015fmesine, onlarca ki\u015finin yaralanmas\u0131na yol a\u00e7t\u0131\u011f\u0131n\u0131 bildirdi.<\/p>\n<p style=\"text-align: justify;\">Soyk\u0131r\u0131m sava\u015f\u0131n\u0131n bir y\u0131ldan fazla s\u00fcrmesi ve i\u015fgalin insani yard\u0131m giri\u015fini engellemesi nedeniyle ortaya \u00e7\u0131kan felaket insani ko\u015fullar \u0131\u015f\u0131\u011f\u0131nda, Gazze \u015eeridi&#8217;nde k\u0131\u015f\u0131n ba\u015flamas\u0131yla birlikte a\u015f\u0131r\u0131 so\u011fuk ve ya\u011f\u0131\u015flar nedeniyle Filistinlilerin ma\u011fduriyeti daha da artt\u0131. Gazze \u015eeridi&#8217;nin g\u00fcneyindeki Mavesi Han Yunes Plaj\u0131&#8217;nda yerinden edilenlerin kurdu\u011fu \u00e7ad\u0131rlardan deniz suyu, \u00e7e\u015fitli kuzey, orta ve g\u00fcney b\u00f6lgelerdeki \u00e7ad\u0131rlara da ya\u011fmur sular\u0131 bast\u0131.<\/p>\n<p style=\"text-align: justify;\">G\u00fcney Gazze \u015eeridi&#8217;ndeki t\u0131bbi yard\u0131m m\u00fcd\u00fcr\u00fc Bessam Zakut, &#8220;A\u00e7l\u0131k ve so\u011fuk, bu a\u015famada Gazze \u015eeridi&#8217;ndeki insanlar\u0131 \u00f6ld\u00fcren iki belad\u0131r&#8221; diyerek, ya\u011fmur sular\u0131n\u0131n \u00e7ad\u0131rlar\u0131n\u0131 sular alt\u0131nda b\u0131rakmas\u0131 \u00fczerine gece saatlerinde onlarca aileden bar\u0131nma talebinde bulundu\u011funa ve evsiz kald\u0131klar\u0131na dikkat \u00e7ekti.<\/p>\n<p style=\"text-align: justify;\">Gazze \u015eeridi&#8217;ndeki Sivil Toplum Kurulu\u015flar\u0131 A\u011f\u0131 Ba\u015fkan\u0131 Amced \u015eave, a\u00e7l\u0131k ve ya\u011fmur nedeniyle tehlikeli ko\u015fullar konusunda uyararak, uluslararas\u0131 toplulu\u011fa, sald\u0131r\u0131y\u0131 durdurmak i\u00e7in acil m\u00fcdahalede bulunmaya, yard\u0131m ve g\u0131da yard\u0131m\u0131 sa\u011flamak ve ba\u015fta \u00e7ocuklar ve ya\u015fl\u0131lar olmak \u00fczere yerinden edilmi\u015f ki\u015filerin hayatlar\u0131n\u0131 kurtarmak i\u00e7in ge\u00e7i\u015f noktalar\u0131n\u0131 a\u00e7maya \u00e7a\u011fr\u0131da bulundu.<\/p>\n<p style=\"text-align: center;\"><strong><a href=\"https:\/\/t.me\/SuriyeArapHaberAjansI\">Telegram Kanal\u0131m\u0131z\u00a0<\/a>||<a href=\"https:\/\/twitter.com\/arap_ajans\">X Platformumuz\u00a0<\/a>||<a href=\"https:\/\/www.facebook.com\/SANAHaberAjansi\/\">Facebook Sayfam\u0131z<\/a><\/strong><\/p>\n","protected":false},"excerpt":{"rendered":"<p>\u0130\u015eGAL ED\u0130LEN KUD\u00dcS (SANA) &#8211; i\u015fgalci \u0130srail&#8217;in Gazze \u015eeridi&#8217;ndeki baz\u0131 b\u00f6lgeleri bombard\u0131man\u0131 sonucu bug\u00fcn 13 Filistinli \u015fehit d\u00fc\u015ft\u00fc, onlarca ki\u015fi de yaraland\u0131. WAFA Haber Ajans\u0131, i\u015fgal g\u00fc\u00e7lerinin Gazze \u015fehrinin g\u00fcneyindeki El Zaytun mahallesindeki Filistinlilerin topland\u0131\u011f\u0131 bir alan\u0131, El \u015eati kamp\u0131n\u0131, \u015fehrin do\u011fusundaki El T\u00fcffah mahallesindeki evleri, \u015eeridi&#8217;nin kuzeyindeki Cebeliye&#8217;deki evleri ve merkezindeki El Bureij kamp\u0131n\u0131 &hellip;<\/p>\n","protected":false},"author":39,"featured_media":312149,"comment_status":"closed","ping_status":"closed","sticky":false,"template":"","format":"standard","meta":{"footnotes":""},"categories":[458,589,459,17988],"tags":[],"class_list":["post-312146","post","type-post","status-publish","format-standard","has-post-thumbnail","","category-dunya1","category-haber-seridi","category-haberler-arap-uluslararasi-politika","category-son-haberler"],"_links":{"self":[{"href":"https:\/\/archive.sana.sy\/tr\/index.php?rest_route=\/wp\/v2\/posts\/312146","targetHints":{"allow":["GET"]}}],"collection":[{"href":"https:\/\/archive.sana.sy\/tr\/index.php?rest_route=\/wp\/v2\/posts"}],"about":[{"href":"https:\/\/archive.sana.sy\/tr\/index.php?rest_route=\/wp\/v2\/types\/post"}],"author":[{"embeddable":true,"href":"https:\/\/archive.sana.sy\/tr\/index.php?rest_route=\/wp\/v2\/users\/39"}],"replies":[{"embeddable":true,"href":"https:\/\/archive.sana.sy\/tr\/index.php?rest_route=%2Fwp%2Fv2%2Fcomments&post=312146"}],"version-history":[{"count":4,"href":"https:\/\/archive.sana.sy\/tr\/index.php?rest_route=\/wp\/v2\/posts\/312146\/revisions"}],"predecessor-version":[{"id":312158,"href":"https:\/\/archive.sana.sy\/tr\/index.php?rest_route=\/wp\/v2\/posts\/312146\/revisions\/312158"}],"wp:featuredmedia":[{"embeddable":true,"href":"https:\/\/archive.sana.sy\/tr\/index.php?rest_route=\/wp\/v2\/media\/312149"}],"wp:attachment":[{"href":"https:\/\/archive.sana.sy\/tr\/index.php?rest_route=%2Fwp%2Fv2%2Fmedia&parent=312146"}],"wp:term":[{"taxonomy":"category","embeddable":true,"href":"https:\/\/archive.sana.sy\/tr\/index.php?rest_route=%2Fwp%2Fv2%2Fcategories&post=312146"},{"taxonomy":"post_tag","embeddable":true,"href":"https:\/\/archive.sana.sy\/tr\/index.php?rest_route=%2Fwp%2Fv2%2Ftags&post=312146"}],"curies":[{"name":"wp","href":"https:\/\/api.w.org\/{rel}","templated":true}]}}